{"id":173424,"date":"2025-12-02T19:13:10","date_gmt":"2025-12-02T19:13:10","guid":{"rendered":"https:\/\/www.europesays.com\/pt\/173424\/"},"modified":"2025-12-02T19:13:10","modified_gmt":"2025-12-02T19:13:10","slug":"guerra-na-ucrania-e-uma-confusao-trump-admite-agora-que-conflito-nao-e-facil-de-resolver","status":"publish","type":"post","link":"https:\/\/www.europesays.com\/pt\/173424\/","title":{"rendered":"Guerra na Ucr\u00e2nia \u00e9 uma &#8220;confus\u00e3o&#8221;. Trump admite agora que conflito n\u00e3o \u00e9 f\u00e1cil de resolver"},"content":{"rendered":"<p><b>Ao mesmo tempo que, em Moscovo, come\u00e7am as negocia\u00e7\u00f5es entre os Estados Unidos e a R\u00fassia, Donald Trump comentou o conflito em Washington. <\/b>A come\u00e7ar a reuni\u00e3o de gabinete, o presidente norte-americano congratulou-se pelo papel norte-americano no contexto internacional e, em especial, na tentativa de p\u00f4r fim \u00e0 guerra na Ucr\u00e2nia, quest\u00e3o que assume agora ser dif\u00edcil de resolver.<\/p>\n<p>Os Estados Unidos s\u00e3o \u201cfortes e respeitados novamente no cen\u00e1rio mundial\u201d, come\u00e7ou por comentar Trump quando se referia \u00e0 participa\u00e7\u00e3o na cimeira da NATO na Haia, no in\u00edcio de 2025.<\/p>\n<p><b>\u201cTemos um problema com uma guerra que o nosso povo est\u00e1 a tentar resolver agora, com a R\u00fassia e a Ucr\u00e2nia\u201d<\/b>, admitiu, lembrando que est\u00e3o a decorrer, esta ter\u00e7a-feira, negocia\u00e7\u00f5es no Kremlin entre Vladimir Putin e o emiss\u00e1rio norte-americano Steve Witkoff.<\/p>\n<p>Segundo o l\u00edder norte-americano, os EUA j\u00e1 n\u00e3o est\u00e3o \u201cenvolvidos financeiramente\u201d com a Alian\u00e7a Atl\u00e2ntica, mas ainda est\u00e3o a tentar \u201cresolver esta quest\u00e3o\u201d no leste da Europa.<\/p>\n<p><b>\u201cJ\u00e1 resolvi oito guerras. Esta seria a nona, e a nossa equipa est\u00e1 na R\u00fassia neste momento para ver se conseguimos chegar a um acordo\u201d<\/b>, declarou aos jornalistas na Casa Branca. <b>\u201cN\u00e3o \u00e9 uma situa\u00e7\u00e3o f\u00e1cil, acreditem, que confus\u00e3o. \u00c9 uma guerra que jamais teria acontecido se eu fosse presidente, nem pensar\u201d.<\/b><\/p>\n<p>E em tom de brincadeira, sugeriu uma vez mais que devia receber o Pr\u00e9mio Nobel da Paz se conseguisse alcan\u00e7ar o fim da guerra entre a Moscovo e Kiev, ou mesmo, por \u201ctodas as guerras\u201d que resolvesse.&#13;\n<\/p>\n<p>&#13;<br \/>\n<b>&#8220;Penso em todas as guerras a que pus fim. Devia receber o Pr\u00e9mio Nobel por cada uma delas, mas n\u00e3o quero ser ganancioso&#8221;<\/b>, disse.&#13;\n<\/p>\n<p>Zelensky pede fim da guerra<br \/>\nNo mesmo dia em que o presidente russo assume que as negocia\u00e7\u00f5es entre Moscovo e Washington, que decorrem no Kremlin \u00e0 porta fechada, o l\u00edder ucraniano volta a apelar ao fim da guerra na Ucr\u00e2nia e n\u00e3o a um cessar-fogo tempor\u00e1rio.<\/p>\n<p><b>\u201cO nosso objetivo comum \u00e9 p\u00f4r fim \u00e0 guerra, n\u00e3o apenas obter uma pausa nos combates. \u00c9 necess\u00e1ria uma paz digna\u201d<\/b>, declarou Volodymyr Zelensky em Dublin, citado pela ag\u00eancia de not\u00edcias France-Presse (AFP).<\/p>\n<p>Zelensky, que se reuniu com o primeiro-ministro irland\u00eas, Miche\u00e1l Martin, elogiou as medidas dos Estados Unidos para acabar com a guerra e alcan\u00e7ar uma paz \u201cdecente e digna\u201d.<\/p>\n<p><b>\u201cOs Estados Unidos est\u00e3o a tomar medidas s\u00e9rias para p\u00f4r fim a esta guerra, de uma forma ou de outra\u201d<\/b>, declarou<b>. \u201cEstou certo de que a nossa tarefa comum, para todos na Europa, \u00e9 realmente p\u00f4r fim a esta guerra\u201d.<\/b><\/p>\n<p>&#13;<br \/>\nO governo irland\u00eas prometeu 125 milh\u00f5es de euros em ajuda adicional e, mais importante, manifestou apoio incondicional a um empr\u00e9stimo europeu e \u00e0 ades\u00e3o da Ucr\u00e2nia \u00e0 Uni\u00e3o Europeia. Depois do encontro com Miche\u00e1l Martin, Zelensky mostrou-se otimista com as negocia\u00e7\u00f5es para um acordo de paz.&#13;\n<\/p>\n<p>&#13;<br \/>\n<b>\u201cH\u00e1 um pouco de otimismo, nas minhas palavras, devido \u00e0 rapidez das negocia\u00e7\u00f5es e ao interesse demonstrado pelos norte-americanos. Isso mostrou que os Estados Unidos n\u00e3o est\u00e3o a retirar-se de nenhuma forma do di\u00e1logo diplom\u00e1tico, o que \u00e9 positivo\u201d<\/b>, acrescentou Zelensky.<br \/>&#13;\n<\/p>\n<p>&#13;<br \/>\n<br \/>&#13;<br \/>\nO presidente russo est\u00e1, esta ter\u00e7a-feira, a discutir o plano de paz para a Ucr\u00e2nia do hom\u00f3logo norte-americano, Donald Trump, com o enviado dos Estados Unidos Steve Witkoff.<br \/>&#13;<\/p>\n","protected":false},"excerpt":{"rendered":"Ao mesmo tempo que, em Moscovo, come\u00e7am as negocia\u00e7\u00f5es entre os Estados Unidos e a R\u00fassia, Donald Trump&hellip;\n","protected":false},"author":2,"featured_media":173425,"comment_status":"","ping_status":"","sticky":false,"template":"","format":"standard","meta":{"footnotes":""},"categories":[50],"tags":[27,28,92,413,15,16,14,25,26,21,22,62,12,13,19,20,23,24,839,6091,17,18,840,29,30,31,2415,63,64,65],"class_list":{"0":"post-173424","1":"post","2":"type-post","3":"status-publish","4":"format-standard","5":"has-post-thumbnail","7":"category-mundo","8":"tag-breaking-news","9":"tag-breakingnews","10":"tag-donald-trump","11":"tag-eua","12":"tag-featured-news","13":"tag-featurednews","14":"tag-headlines","15":"tag-latest-news","16":"tag-latestnews","17":"tag-main-news","18":"tag-mainnews","19":"tag-mundo","20":"tag-news","21":"tag-noticias","22":"tag-noticias-principais","23":"tag-noticiasprincipais","24":"tag-principais-noticias","25":"tag-principaisnoticias","26":"tag-russia","27":"tag-steve-witkoff","28":"tag-top-stories","29":"tag-topstories","30":"tag-ucrania","31":"tag-ultimas","32":"tag-ultimas-noticias","33":"tag-ultimasnoticias","34":"tag-vladimir-putin","35":"tag-world","36":"tag-world-news","37":"tag-worldnews"},"share_on_mastodon":{"url":"https:\/\/pubeurope.com\/@pt\/115651569445489779","error":""},"_links":{"self":[{"href":"https:\/\/www.europesays.com\/pt\/wp-json\/wp\/v2\/posts\/173424","targetHints":{"allow":["GET"]}}],"collection":[{"href":"https:\/\/www.europesays.com\/pt\/wp-json\/wp\/v2\/posts"}],"about":[{"href":"https:\/\/www.europesays.com\/pt\/wp-json\/wp\/v2\/types\/post"}],"author":[{"embeddable":true,"href":"https:\/\/www.europesays.com\/pt\/wp-json\/wp\/v2\/users\/2"}],"replies":[{"embeddable":true,"href":"https:\/\/www.europesays.com\/pt\/wp-json\/wp\/v2\/comments?post=173424"}],"version-history":[{"count":0,"href":"https:\/\/www.europesays.com\/pt\/wp-json\/wp\/v2\/posts\/173424\/revisions"}],"wp:featuredmedia":[{"embeddable":true,"href":"https:\/\/www.europesays.com\/pt\/wp-json\/wp\/v2\/media\/173425"}],"wp:attachment":[{"href":"https:\/\/www.europesays.com\/pt\/wp-json\/wp\/v2\/media?parent=173424"}],"wp:term":[{"taxonomy":"category","embeddable":true,"href":"https:\/\/www.europesays.com\/pt\/wp-json\/wp\/v2\/categories?post=173424"},{"taxonomy":"post_tag","embeddable":true,"href":"https:\/\/www.europesays.com\/pt\/wp-json\/wp\/v2\/tags?post=173424"}],"curies":[{"name":"wp","href":"https:\/\/api.w.org\/{rel}","templated":true}]}}