{"id":173466,"date":"2025-12-02T19:54:14","date_gmt":"2025-12-02T19:54:14","guid":{"rendered":"https:\/\/www.europesays.com\/pt\/173466\/"},"modified":"2025-12-02T19:54:14","modified_gmt":"2025-12-02T19:54:14","slug":"criticos-de-nova-york-elegem-o-agente-secreto-como-melhor-filme-internacional","status":"publish","type":"post","link":"https:\/\/www.europesays.com\/pt\/173466\/","title":{"rendered":"Cr\u00edticos de Nova York elegem &#8216;O Agente Secreto&#8217; como melhor filme internacional"},"content":{"rendered":"<p>\n                        Cotado para o Oscar de Melhor Filme Internacional, filme brasileiro est\u00e1 em cartaz em cinemas de todo o Pa\u00eds\n                    <\/p>\n<p>\n                                    2 dez<br \/>\n                                    2025<br \/>\n                                     &#8211; 14h08\n                                <\/p>\n<p>\n                                                                                                                        (atualizado \u00e0s 15h54)\n                                                                            <\/p>\n<p class=\"text\">\n<p class=\"text\">Confirmando sua pot\u00eancia na corrida pelo Oscar, <b>O Agente Secreto<\/b> conquistou mais um pr\u00eamio internacional nesta ter\u00e7a-feira, 2. O longa de <b>Kleber Mendon\u00e7a Filho<\/b> foi premiado como Melhor Filme Internacional pelo New York Film Critics Circle.<\/p>\n<p class=\"text\">Formado por cerca de 50 dos cr\u00edticos mais respeitados dos Estados Unidos, o NYFCC Awards \u00e9 visto como uma das premia\u00e7\u00f5es mais prestigiosas de Hollywood, com seus vencedores quase sempre conquistando ao menos uma indica\u00e7\u00e3o nas principais categorias do Oscar.<\/p>\n<p><img loading=\"lazy\" decoding=\"async\" alt=\"'O Agente Secreto' conquistou mais um pr\u00eamio internacional nesta ter\u00e7a-feira, 2\" class=\"img-5215c9d73ed30efa407ba7b99461c5d6tt5v3q7a\" height=\"516\" src=\"https:\/\/www.europesays.com\/pt\/wp-content\/uploads\/2025\/12\/494087247-4vgx2eaabrao5e3ig7rsnotzbm.jpg\"  title=\"'O Agente Secreto' conquistou mais um pr\u00eamio internacional nesta ter\u00e7a-feira, 2\" width=\"774\"\/><\/p>\n<p>&#8216;O Agente Secreto&#8217; conquistou mais um pr\u00eamio internacional nesta ter\u00e7a-feira, 2<\/p>\n<p>Foto: Victor Juca\/Divulga\u00e7\u00e3o \/ Estad\u00e3o<\/p>\n<p class=\"text\">Em anos anteriores, a premia\u00e7\u00e3o premiou outros longas internacionais de sucesso, incluindo Tudo Que Imaginamos Como Luz (2024), Anatomia de Uma Queda (2023), A Pior Pessoa do Mundo (2021), Parasita (2019) e Cidade de Deus (2001).<\/p>\n<p class=\"text\">A vit\u00f3ria de O Agente Secreto refor\u00e7a o potencial do filme brasileiro na temporada de premia\u00e7\u00f5es, praticamente compensando a perda de f\u00f4lego sentida ap\u00f3s <b>a produ\u00e7\u00e3o sair sem vit\u00f3rias do Gotham Awards 2025<\/b> na noite desta segunda-feira.<\/p>\n<p class=\"text\">Estrelado por <b>Wagner Moura<\/b> no papel de um especialista em tecnologia que foge das autoridades em meio \u00e0 ditadura militar, O Agente Secreto est\u00e1 em cartaz nos cinemas brasileiros.<\/p>\n","protected":false},"excerpt":{"rendered":"Cotado para o Oscar de Melhor Filme Internacional, filme brasileiro est\u00e1 em cartaz em cinemas de todo o&hellip;\n","protected":false},"author":2,"featured_media":173467,"comment_status":"","ping_status":"","sticky":false,"template":"","format":"standard","meta":{"footnotes":""},"categories":[140],"tags":[470,114,115,147,148,146,23925,19007,32,33,12348],"class_list":{"0":"post-173466","1":"post","2":"type-post","3":"status-publish","4":"format-standard","5":"has-post-thumbnail","7":"category-filmes","8":"tag-cinema","9":"tag-entertainment","10":"tag-entretenimento","11":"tag-film","12":"tag-filmes","13":"tag-movies","14":"tag-o-agente-secreto-filme","15":"tag-oscar-premio-de-cinema","16":"tag-portugal","17":"tag-pt","18":"tag-wagner-moura"},"share_on_mastodon":{"url":"https:\/\/pubeurope.com\/@pt\/115651731066909978","error":""},"_links":{"self":[{"href":"https:\/\/www.europesays.com\/pt\/wp-json\/wp\/v2\/posts\/173466","targetHints":{"allow":["GET"]}}],"collection":[{"href":"https:\/\/www.europesays.com\/pt\/wp-json\/wp\/v2\/posts"}],"about":[{"href":"https:\/\/www.europesays.com\/pt\/wp-json\/wp\/v2\/types\/post"}],"author":[{"embeddable":true,"href":"https:\/\/www.europesays.com\/pt\/wp-json\/wp\/v2\/users\/2"}],"replies":[{"embeddable":true,"href":"https:\/\/www.europesays.com\/pt\/wp-json\/wp\/v2\/comments?post=173466"}],"version-history":[{"count":0,"href":"https:\/\/www.europesays.com\/pt\/wp-json\/wp\/v2\/posts\/173466\/revisions"}],"wp:featuredmedia":[{"embeddable":true,"href":"https:\/\/www.europesays.com\/pt\/wp-json\/wp\/v2\/media\/173467"}],"wp:attachment":[{"href":"https:\/\/www.europesays.com\/pt\/wp-json\/wp\/v2\/media?parent=173466"}],"wp:term":[{"taxonomy":"category","embeddable":true,"href":"https:\/\/www.europesays.com\/pt\/wp-json\/wp\/v2\/categories?post=173466"},{"taxonomy":"post_tag","embeddable":true,"href":"https:\/\/www.europesays.com\/pt\/wp-json\/wp\/v2\/tags?post=173466"}],"curies":[{"name":"wp","href":"https:\/\/api.w.org\/{rel}","templated":true}]}}