{"id":173470,"date":"2025-12-02T19:56:09","date_gmt":"2025-12-02T19:56:09","guid":{"rendered":"https:\/\/www.europesays.com\/pt\/173470\/"},"modified":"2025-12-02T19:56:09","modified_gmt":"2025-12-02T19:56:09","slug":"oms-recomenda-uso-de-medicamentos-da-diabetes-para-tratar-a-obesidade-saude","status":"publish","type":"post","link":"https:\/\/www.europesays.com\/pt\/173470\/","title":{"rendered":"OMS recomenda uso de medicamentos da diabetes para tratar a obesidade | Sa\u00fade"},"content":{"rendered":"<p>A Organiza\u00e7\u00e3o Mundial da Sa\u00fade (OMS) recomendou pela primeira vez alargar a utiliza\u00e7\u00e3o de uma classe de medicamentos usados na diabetes e perda de peso para tratar a obesidade, uma doen\u00e7a que afecta mil milh\u00f5es de pessoas.<\/p>\n<p>O primeiro guia desta ag\u00eancia da ONU sobre terapias com <a href=\"https:\/\/www.publico.pt\/2025\/06\/02\/ciencia\/perguntaserespostas\/sabemos-2025-novos-medicamentos-tratar-obesidade-2135031\" target=\"_blank\" rel=\"nofollow noopener\">p\u00e9ptidos semelhantes ao glucag\u00e3o-1<\/a> (GLP-1), em que se incluem medicamentos como o semaglutido, recomenda estes f\u00e1rmacos para o tratamento de adultos obesos, como parte de uma \u201cabordagem abrangente que inclui dietas saud\u00e1veis, actividade f\u00edsica regular e apoio de profissionais de sa\u00fade\u201d.<\/p>\n<p>As recomenda\u00e7\u00f5es destacam que a <a href=\"https:\/\/www.publico.pt\/obesidade\" target=\"_blank\" rel=\"nofollow noopener\">obesidade<\/a> \u00e9 \u201cuma doen\u00e7a cr\u00f3nica e recidivante\u201d que afecta pessoas em todos os pa\u00edses e que foi associada a 3,7 milh\u00f5es de mortes em todo o mundo em 2024. Sem uma ac\u00e7\u00e3o decisiva, o n\u00famero de pessoas com obesidade dever\u00e1 duplicar at\u00e9 2030.<\/p>\n<p>Esta lista modelo da OMS inclui actualmente 532 terapias que a organiza\u00e7\u00e3o considera indispens\u00e1veis para um sistema de sa\u00fade b\u00e1sico e universal. A posi\u00e7\u00e3o da OMS, tomada nesta segunda-feira, ajudar\u00e1 os sistemas de sa\u00fade a orientar as suas pol\u00edticas p\u00fablicas, incentivando-os a melhorar o <a href=\"https:\/\/www.publico.pt\/2025\/03\/30\/sociedade\/noticia\/obesidade-novo-medicamento-chega-farmacias-tratamento-mes-custa-quase-245-euros-2127887\" target=\"_blank\" rel=\"nofollow noopener\">acesso a esses medicamentos<\/a>.<\/p>\n<p>A OMS defende que estes tratamentos, usados para tratar a diabetes e a obesidade, sejam universalmente e financeiramente acess\u00edveis.<\/p>\n<p>\u201cAs nossas novas directrizes reconhecem que a obesidade \u00e9 uma doen\u00e7a cr\u00f3nica que pode ser tratada com cuidados abrangentes e ao longo da vida\u201d, disse Tedros Adhanom Ghebreyesus, director-geral da OMS, na confer\u00eancia de imprensa em que anunciou o primeiro guia sobre o uso destas terapias para combater a obesidade.<\/p>\n<p>O respons\u00e1vel sublinhou que, embora os medicamentos sozinhos n\u00e3o resolvam a crise global de sa\u00fade que a doen\u00e7a representa, \u201cas terapias com GLP-1 podem ajudar milh\u00f5es de pessoas a superar a obesidade e reduzir os seus efeitos adversos\u201d.<\/p>\n<p>\u201cEssas terapias fazem parte de uma estrat\u00e9gia hol\u00edstica baseada em tr\u00eas pilares. Primeiro, criar ambientes mais saud\u00e1veis atrav\u00e9s de pol\u00edticas robustas; segundo, proteger indiv\u00edduos de alto risco, promovendo a detec\u00e7\u00e3o e interven\u00e7\u00e3o precoces; e terceiro, garantir o acesso a cuidados centrados na pessoa e ao longo da vida para aqueles que vivem com obesidade\u201d, explicou o respons\u00e1vel da OMS.<\/p>\n<p>        &#13;<\/p>\n<p>&#13;<br \/>\n                &#13;\n            <\/p>\n<p>&#13;<\/p>\n<p>\u201cUma ferramenta cl\u00ednica poderosa\u201d<\/p>\n<p>As terapias com GLP-1, entre as quais se incluem o semaglutido, liraglutido e o dulaglutido, s\u00e3o usadas para tratar a diabetes de tipo 2 e a obesidade, melhorando o controlo da glicose no sangue, suprimindo o apetite e promovendo a perda de peso.<\/p>\n<p>\u201cA obesidade \u00e9 um dos desafios mais s\u00e9rios da nossa \u00e9poca\u201d, disse o director-geral da OMS, acrescentando: \u201cEstes novos medicamentos s\u00e3o uma ferramenta cl\u00ednica poderosa que oferece esperan\u00e7a a milh\u00f5es de pessoas.\u201d<\/p>\n<p>As novas directrizes da OMS incluem uma recomenda\u00e7\u00e3o, baseada em provas \u201cde certeza moderada\u201d, para o uso de <a href=\"https:\/\/www.publico.pt\/2025\/06\/02\/ciencia\/noticia\/injeccoes-farmaceuticas-correm-criar-proximo-comprimido-emagrecer-2135044\" target=\"_blank\" rel=\"nofollow noopener\">terapias com GLP-1<\/a> no tratamento de longo prazo (mais de seis meses) da obesidade em adultos, com excep\u00e7\u00e3o de mulheres gr\u00e1vidas.<\/p>\n<p>Apesar da efic\u00e1cia comprovada destes tratamentos, a recomenda\u00e7\u00e3o \u00e9 condicional, devido \u00e0 falta de dados sobre o seu uso a longo prazo, manuten\u00e7\u00e3o e descontinua\u00e7\u00e3o, os seus custos actuais, prepara\u00e7\u00e3o inadequada dos sistemas de sa\u00fade e potenciais implica\u00e7\u00f5es em termos de equidade.<\/p>\n<p>A OMS destaca que a obesidade \u00e9 um dos principais factores de risco para doen\u00e7as cardiovasculares, diabetes de tipo 2 e alguns tipos de <a href=\"https:\/\/www.publico.pt\/cancro\" target=\"_blank\" rel=\"nofollow noopener\">cancro<\/a>, contribuindo ainda para piores resultados em pacientes com doen\u00e7as infecciosas. Al\u00e9m dos impactos na sa\u00fade, segundo a OMS, prev\u00ea-se que o custo econ\u00f3mico global da obesidade atinja tr\u00eas bili\u00f5es de d\u00f3lares (cerca de 2,59 bili\u00f5es de euros) anualmente at\u00e9 2030.<\/p>\n<p>Em Portugal, estas terapias apenas s\u00e3o comparticipadas pelo Servi\u00e7o Nacional de Sa\u00fade se usadas para doentes diab\u00e9ticos e, segundo dados do Infarmed \u2013 Autoridade Nacional do Medicamento e Produtos de Sa\u00fade\u200b, a classe terap\u00eautica dos antidiab\u00e9ticos foi a que registou o <a href=\"https:\/\/www.publico.pt\/2025\/11\/25\/sociedade\/noticia\/despesa-sns-farmacos-diabetes-usados-quer-emagrecer-nao-mostras-descer-2155403\" target=\"_blank\" rel=\"nofollow noopener\">maior encargo para o SNS<\/a> entre Janeiro e Setembro deste ano, com 354,6 milh\u00f5es de euros.<\/p>\n<p>Alguns f\u00e1rmacos comparticipados no caso da diabetes s\u00e3o muitas vezes usados por quem quer perder peso, o que j\u00e1 trouxe problemas de escassez no mercado para os doentes diab\u00e9ticos. Por isso, o Infarmed anunciou em Janeiro um \u201cprocesso alargado\u201d de auditorias e inspec\u00e7\u00f5es a todo o circuito de alguns f\u00e1rmacos para a diabetes.<\/p>\n","protected":false},"excerpt":{"rendered":"A Organiza\u00e7\u00e3o Mundial da Sa\u00fade (OMS) recomendou pela primeira vez alargar a utiliza\u00e7\u00e3o de uma classe de medicamentos&hellip;\n","protected":false},"author":2,"featured_media":173471,"comment_status":"","ping_status":"","sticky":false,"template":"","format":"standard","meta":{"footnotes":""},"categories":[86],"tags":[109,1027,529,116,3083,1022,2778,13473,32,33,117],"class_list":{"0":"post-173470","1":"post","2":"type-post","3":"status-publish","4":"format-standard","5":"has-post-thumbnail","7":"category-saude","8":"tag-ciencia","9":"tag-diabetes","10":"tag-doencas","11":"tag-health","12":"tag-medicamentos","13":"tag-obesidade","14":"tag-oms","15":"tag-organizacao-mundial-da-saude","16":"tag-portugal","17":"tag-pt","18":"tag-saude"},"share_on_mastodon":{"url":"https:\/\/pubeurope.com\/@pt\/115651738461679153","error":""},"_links":{"self":[{"href":"https:\/\/www.europesays.com\/pt\/wp-json\/wp\/v2\/posts\/173470","targetHints":{"allow":["GET"]}}],"collection":[{"href":"https:\/\/www.europesays.com\/pt\/wp-json\/wp\/v2\/posts"}],"about":[{"href":"https:\/\/www.europesays.com\/pt\/wp-json\/wp\/v2\/types\/post"}],"author":[{"embeddable":true,"href":"https:\/\/www.europesays.com\/pt\/wp-json\/wp\/v2\/users\/2"}],"replies":[{"embeddable":true,"href":"https:\/\/www.europesays.com\/pt\/wp-json\/wp\/v2\/comments?post=173470"}],"version-history":[{"count":0,"href":"https:\/\/www.europesays.com\/pt\/wp-json\/wp\/v2\/posts\/173470\/revisions"}],"wp:featuredmedia":[{"embeddable":true,"href":"https:\/\/www.europesays.com\/pt\/wp-json\/wp\/v2\/media\/173471"}],"wp:attachment":[{"href":"https:\/\/www.europesays.com\/pt\/wp-json\/wp\/v2\/media?parent=173470"}],"wp:term":[{"taxonomy":"category","embeddable":true,"href":"https:\/\/www.europesays.com\/pt\/wp-json\/wp\/v2\/categories?post=173470"},{"taxonomy":"post_tag","embeddable":true,"href":"https:\/\/www.europesays.com\/pt\/wp-json\/wp\/v2\/tags?post=173470"}],"curies":[{"name":"wp","href":"https:\/\/api.w.org\/{rel}","templated":true}]}}