{"id":173488,"date":"2025-12-02T20:19:14","date_gmt":"2025-12-02T20:19:14","guid":{"rendered":"https:\/\/www.europesays.com\/pt\/173488\/"},"modified":"2025-12-02T20:19:14","modified_gmt":"2025-12-02T20:19:14","slug":"guardas-prisionais-chegam-a-acordo-com-governo-e-abdicam-de-greve-geral","status":"publish","type":"post","link":"https:\/\/www.europesays.com\/pt\/173488\/","title":{"rendered":"Guardas prisionais chegam a acordo com Governo e abdicam de greve geral"},"content":{"rendered":"<p>                O Sindicato Nacional do Corpo da Guarda Prisional (SNCGP) considerou, na segunda-feira, que podia participar na greve geral de 11 de dezembro e tinha uma confer\u00eancia de imprensa marcada, que acabou por desconvocar depois de o Minist\u00e9rio de Rita Alarc\u00e3o J\u00fadice ter anu\u00eddo com um acordo que contempla as principais reivindica\u00e7\u00f5es.<\/p>\n<p>Segundo o dirigente sindical Frederico Morais, o acordo,<b> al\u00e9m do pagamento da totalidade das horas extraordin\u00e1rias, contempla altera\u00e7\u00f5es estatut\u00e1rias a partir de janeiro, entre as quais concursos mais r\u00e1pidos, iguais aos da PSP e da GNR, e promo\u00e7\u00f5es por antiguidade como naquelas duas for\u00e7as de seguran\u00e7a.<\/b><\/p>\n<p><b>Al\u00e9m destas quest\u00f5es consideradas essenciais, ser\u00e3o desbloqueadas 200 promo\u00e7\u00f5es a guarda principal (n\u00famero que pode vir a ser aumentado durante as negocia\u00e7\u00f5es) e a promo\u00e7\u00e3o de pelo menos 15 operacionais \u00e0 categoria de chefes principais.<\/b><\/p>\n<p>\u00c0 Lusa, Frederico Morais adiantou, que perante a garantia de assinatura deste acordo com a tutela, a dire\u00e7\u00e3o do sindicato decidiu desconvocar a\u00a0 participa\u00e7\u00e3o na greve geral de 11 de dezembro.<\/p>\n<p>O SNCGP faz parte da Comiss\u00e3o Coordenadora Permanente dos Sindicatos e Associa\u00e7\u00f5es dos Profissionais das For\u00e7as e Servi\u00e7os de Seguran\u00e7a (CCP), que re\u00fane ainda representantes dos sindicatos da PSP, das associa\u00e7\u00f5es s\u00f3cio-profissionais da GNR, Pol\u00edcia Mar\u00edtima (PM) e da Autoridade de Seguran\u00e7a Alimentar e Econ\u00f3mica (ASAE).<\/p>\n<p><b>Ainda assim, o dirigente sindical garantiu que a estrutura &#8220;est\u00e1 solid\u00e1ria&#8221; com os princ\u00edpios da greve geral, mas que n\u00e3o vai aderir pois a tutela respondeu favoravelmente &#8220;a alguns pontos cruciais&#8221; das negocia\u00e7\u00f5es, que ir\u00e3o prosseguir para al\u00e9m da assinatura do acordo.<\/b>\u00a0Toda esta situa\u00e7\u00e3o foi comunicada e debatida com a CCP, adiantou Frederico Morais.<\/p>\n<p>\u00c0 margem do in\u00edcio do novo curso de forma\u00e7\u00e3o de magistrados do Centro de Estudos Judici\u00e1rios, a ministra da Justi\u00e7a n\u00e3o comentou o acordo e admitiu aos jornalistas que foi &#8220;com surpresa&#8221; que soube da inten\u00e7\u00e3o de paralisa\u00e7\u00e3o por parte dos guardas prisionais.<\/p>\n<p>&#8220;Nos processos negociais, se h\u00e1 algum tema para conversar, conversa-se dentro de casa. Desde que tom\u00e1mos posse, tivemos diversas reuni\u00f5es com os guardas prisionais. Fizemos um esfor\u00e7o muito grande para procurar consensos&#8221;, disse Rita Alarc\u00e3o J\u00fadice.<\/p>\n<p>C\/Lusa&#13;\n            <\/p>\n","protected":false},"excerpt":{"rendered":"O Sindicato Nacional do Corpo da Guarda Prisional (SNCGP) considerou, na segunda-feira, que podia participar na greve geral&hellip;\n","protected":false},"author":2,"featured_media":173489,"comment_status":"","ping_status":"","sticky":false,"template":"","format":"standard","meta":{"footnotes":""},"categories":[8],"tags":[27,28,15,16,14,25,26,21,22,12,13,19,20,32,23,24,33,420,421,17,18,29,30,31],"class_list":{"0":"post-173488","1":"post","2":"type-post","3":"status-publish","4":"format-standard","5":"has-post-thumbnail","7":"category-principais-noticias","8":"tag-breaking-news","9":"tag-breakingnews","10":"tag-featured-news","11":"tag-featurednews","12":"tag-headlines","13":"tag-latest-news","14":"tag-latestnews","15":"tag-main-news","16":"tag-mainnews","17":"tag-news","18":"tag-noticias","19":"tag-noticias-principais","20":"tag-noticiasprincipais","21":"tag-portugal","22":"tag-principais-noticias","23":"tag-principaisnoticias","24":"tag-pt","25":"tag-rtp","26":"tag-rtp-noticias","27":"tag-top-stories","28":"tag-topstories","29":"tag-ultimas","30":"tag-ultimas-noticias","31":"tag-ultimasnoticias"},"share_on_mastodon":{"url":"https:\/\/pubeurope.com\/@pt\/115651829099324747","error":""},"_links":{"self":[{"href":"https:\/\/www.europesays.com\/pt\/wp-json\/wp\/v2\/posts\/173488","targetHints":{"allow":["GET"]}}],"collection":[{"href":"https:\/\/www.europesays.com\/pt\/wp-json\/wp\/v2\/posts"}],"about":[{"href":"https:\/\/www.europesays.com\/pt\/wp-json\/wp\/v2\/types\/post"}],"author":[{"embeddable":true,"href":"https:\/\/www.europesays.com\/pt\/wp-json\/wp\/v2\/users\/2"}],"replies":[{"embeddable":true,"href":"https:\/\/www.europesays.com\/pt\/wp-json\/wp\/v2\/comments?post=173488"}],"version-history":[{"count":0,"href":"https:\/\/www.europesays.com\/pt\/wp-json\/wp\/v2\/posts\/173488\/revisions"}],"wp:featuredmedia":[{"embeddable":true,"href":"https:\/\/www.europesays.com\/pt\/wp-json\/wp\/v2\/media\/173489"}],"wp:attachment":[{"href":"https:\/\/www.europesays.com\/pt\/wp-json\/wp\/v2\/media?parent=173488"}],"wp:term":[{"taxonomy":"category","embeddable":true,"href":"https:\/\/www.europesays.com\/pt\/wp-json\/wp\/v2\/categories?post=173488"},{"taxonomy":"post_tag","embeddable":true,"href":"https:\/\/www.europesays.com\/pt\/wp-json\/wp\/v2\/tags?post=173488"}],"curies":[{"name":"wp","href":"https:\/\/api.w.org\/{rel}","templated":true}]}}