{"id":173504,"date":"2025-12-02T20:34:10","date_gmt":"2025-12-02T20:34:10","guid":{"rendered":"https:\/\/www.europesays.com\/pt\/173504\/"},"modified":"2025-12-02T20:34:10","modified_gmt":"2025-12-02T20:34:10","slug":"ha-um-gesto-tocante-entre-maria-botelho-moniz-e-o-filho-que-esta-a-gerar-uma-onda-de-comentarios-novelas","status":"publish","type":"post","link":"https:\/\/www.europesays.com\/pt\/173504\/","title":{"rendered":"H\u00e1 um gesto tocante entre Maria Botelho Moniz e o filho que est\u00e1 a gerar uma onda de coment\u00e1rios &#8211; Novelas"},"content":{"rendered":"<p><a href=\"https:\/\/tvi.iol.pt\/novelas\/search?pagina=1&amp;pesquisa=maria+botelho%20moniz\" rel=\"nofollow noopener\" target=\"_blank\">Maria Botelho Moniz<\/a> esteve a viver uns dias de descanso nas paradis\u00edacas Maldivas, onde desfrutou de umas f\u00e9rias em fam\u00edlia que j\u00e1 conquistaram os seguidores. A apresentadora, ao lado do noivo, <a href=\"https:\/\/tvi.iol.pt\/novelas\/search?pagina=1&amp;pesquisa=Pedro+Bianchi%20Prata\" rel=\"nofollow noopener\" target=\"_blank\">Pedro Bianchi Prata<\/a>, e do pequeno Vicente, tem feito partilhas comoventes, mas nenhuma como esta.<\/p>\n<p>Num v\u00eddeo que rapidamente se tornou viral, Maria surge a trocar um \u201cbeijinho de esquim\u00f3\u201d com o filho. Nariz com nariz, num gesto muito carinhoso: <strong>\u00abDigam-me uma coisa melhor que um beijinho de esquim\u00f3. Eu espero\u00bb<\/strong>, escreveu a apresentadora.<\/p>\n<p>Com quase 60 mil &#8216;gostos&#8217;, os seguidores reagiram me massa a este momento: <strong>\u00abAiii t\u00e3o boooom\u00bb<\/strong>, <strong>\u00ab\u00c9 amor puro \u2764\ufe0f\u2764\ufe0f\u2764\ufe0f fam\u00edlia de amor e uni\u00e3o \u2764\ufe0f\u2764\ufe0f\u2764\ufe0f que assim seja sempre!!!!\u00bb<\/strong>, <strong>\u00abMomento de fofura do dia \ud83d\ude0d\u00bb<\/strong>.<\/p>\n<p>Al\u00e9m do v\u00eddeo, Maria mostrou ainda novas fotografias em fam\u00edlia, onde se v\u00ea a felicidade dos tr\u00eas num cen\u00e1rio que parece sa\u00eddo de um postal: \u00e1gua cristalina, p\u00f4r do sol de sonho e muitos sorrisos. As fotos t\u00eam encantado os seguidores, que n\u00e3o se cansam de elogiar a forma doce e tranquila como a apresentadora vive esta fase da sua vida.<\/p>\n<p>Este per\u00edodo de descanso surge depois de meses intensos, marcados por projetos televisivos de grande visibilidade. Depois de ter conduzido as galas e o especial do <strong>\u00abBig Brother Ver\u00e3o\u00bb<\/strong>, Maria prepara-se agora para um novo desafio: apresentar o reality show <strong>\u00ab1.\u00aa Companhia\u00bb<\/strong>, que estreia j\u00e1 a 1 de janeiro. Entre os desafios profissionais e a alegria de ver o filho crescer, a apresentadora encerra este ano com o cora\u00e7\u00e3o cheio.<\/p>\n","protected":false},"excerpt":{"rendered":"Maria Botelho Moniz esteve a viver uns dias de descanso nas paradis\u00edacas Maldivas, onde desfrutou de umas f\u00e9rias&hellip;\n","protected":false},"author":2,"featured_media":173505,"comment_status":"","ping_status":"","sticky":false,"template":"","format":"standard","meta":{"footnotes":""},"categories":[145],"tags":[160,211,210,166,114,115,157,167,164,338,161,158,4089,165,159,32,33,156,163,162],"class_list":{"0":"post-173504","1":"post","2":"type-post","3":"status-publish","4":"format-standard","5":"has-post-thumbnail","7":"category-celebridades","8":"tag-ana-guiomar","9":"tag-celebridades","10":"tag-celebrities","11":"tag-cristina-ferreira","12":"tag-entertainment","13":"tag-entretenimento","14":"tag-festa-e-festa","15":"tag-ficcao","16":"tag-jose-fidalgo","17":"tag-maria-botelho-moniz","18":"tag-novelas","19":"tag-para-sempre","20":"tag-pedro-bianchi-prata","21":"tag-pedro-sousa","22":"tag-pedro-teixeira","23":"tag-portugal","24":"tag-pt","25":"tag-queridos-papas","26":"tag-tiago-teotonio-pereira","27":"tag-tvi"},"share_on_mastodon":{"url":"https:\/\/pubeurope.com\/@pt\/115651887922828640","error":""},"_links":{"self":[{"href":"https:\/\/www.europesays.com\/pt\/wp-json\/wp\/v2\/posts\/173504","targetHints":{"allow":["GET"]}}],"collection":[{"href":"https:\/\/www.europesays.com\/pt\/wp-json\/wp\/v2\/posts"}],"about":[{"href":"https:\/\/www.europesays.com\/pt\/wp-json\/wp\/v2\/types\/post"}],"author":[{"embeddable":true,"href":"https:\/\/www.europesays.com\/pt\/wp-json\/wp\/v2\/users\/2"}],"replies":[{"embeddable":true,"href":"https:\/\/www.europesays.com\/pt\/wp-json\/wp\/v2\/comments?post=173504"}],"version-history":[{"count":0,"href":"https:\/\/www.europesays.com\/pt\/wp-json\/wp\/v2\/posts\/173504\/revisions"}],"wp:featuredmedia":[{"embeddable":true,"href":"https:\/\/www.europesays.com\/pt\/wp-json\/wp\/v2\/media\/173505"}],"wp:attachment":[{"href":"https:\/\/www.europesays.com\/pt\/wp-json\/wp\/v2\/media?parent=173504"}],"wp:term":[{"taxonomy":"category","embeddable":true,"href":"https:\/\/www.europesays.com\/pt\/wp-json\/wp\/v2\/categories?post=173504"},{"taxonomy":"post_tag","embeddable":true,"href":"https:\/\/www.europesays.com\/pt\/wp-json\/wp\/v2\/tags?post=173504"}],"curies":[{"name":"wp","href":"https:\/\/api.w.org\/{rel}","templated":true}]}}