{"id":173506,"date":"2025-12-02T20:37:15","date_gmt":"2025-12-02T20:37:15","guid":{"rendered":"https:\/\/www.europesays.com\/pt\/173506\/"},"modified":"2025-12-02T20:37:15","modified_gmt":"2025-12-02T20:37:15","slug":"vera-celebra-expulsao-de-dylan-e-defende-se-de-criticas-mais-vergonha-tinha-eu-de-secret-story","status":"publish","type":"post","link":"https:\/\/www.europesays.com\/pt\/173506\/","title":{"rendered":"Vera celebra expuls\u00e3o de Dylan e defende-se de cr\u00edticas: \u00abMais vergonha tinha eu de&#8230;\u00bb &#8211; Secret Story"},"content":{"rendered":"<p data-end=\"1840\" data-start=\"1512\">A expuls\u00e3o de Dylan no domingo, 30 de novembro, continua a gerar rea\u00e7\u00f5es dentro e fora do <a href=\"https:\/\/tvi.iol.pt\/secretstory\/\" target=\"_blank\" rel=\"nofollow noopener\"><strong>Secret Story 9<\/strong><\/a>. Na manh\u00e3 seguinte, o ex-concorrente marcou presen\u00e7a no programa <strong>Dois \u00e0s 10<\/strong>, onde <a href=\"https:\/\/tvi.iol.pt\/secretstory\/dylan\/vera\/em-choque-dylan-reage-ao-fenomeno-vera-se-fosse-eu-a-enfiar-lhe-quatro-chapadas\" target=\"_blank\" rel=\"nofollow noopener\">comentou o facto de Vera ser vista como uma \u201cestrela\u201d, mesmo depois de o ter agredido com quatro chapadas durante o reality show<\/a>.<\/p>\n<p data-end=\"2026\" data-start=\"1842\">Atrav\u00e9s do Instagram, Vera n\u00e3o deixou passar as declara\u00e7\u00f5es e reagiu sem rodeios. <strong>\u00abLamento muito vir aqui manifestar a minha felicidade pela expuls\u00e3o de ontem, foi merecido\u00bb<\/strong>, escreveu.<\/p>\n<p data-end=\"2317\" data-start=\"2028\">A ex-concorrente aproveitou ainda para esclarecer a origem da sua popularidade: <strong>\u00abA minha visibilidade n\u00e3o foi pela atitude menos boa que tive e que levou \u00e0 minha expuls\u00e3o, mas pelo meu carisma, pela minha for\u00e7a, pela pessoa livre que sou, sem medo de mostrar ao mundo os meus sentimentos\u00bb<\/strong>.<\/p>\n<p data-end=\"2604\" data-start=\"2319\">Vera defendeu que sempre agiu de acordo com aquilo em que acredita e disse querer continuar a proteger quem sofre em sil\u00eancio:\u00a0<strong>\u00abEnquanto existir nesta terra, vou sempre defender o que \u00e9 meu e muitas pessoas que sofrem em sil\u00eancio com coment\u00e1rios dolorosos, que foram feitos ao longo do programa\u00bb<\/strong>.<\/p>\n<p data-end=\"2823\" data-start=\"2606\">A rea\u00e7\u00e3o terminou com mais um recado direto: <strong>\u00abUma atitude gera uma rea\u00e7\u00e3o. Foi a mais plaus\u00edvel? N\u00e3o! Mas mais vergonha tinha eu de ter falado in\u00fameras m***** que foram ditas constantemente e s\u00e3o consideradas graves!\u00bb<\/strong><\/p>\n<p>Veja aqui: <\/p>\n<p data-end=\"2823\" data-start=\"2606\"><img loading=\"lazy\" decoding=\"async\" alt=\"\" height=\"878\" src=\"https:\/\/www.europesays.com\/pt\/wp-content\/uploads\/2025\/12\/692eff75d34e2bd5c6d4a797.webp\" width=\"500\"\/><\/p>\n<p data-end=\"2823\" data-start=\"2606\">\u00a0<\/p>\n","protected":false},"excerpt":{"rendered":"A expuls\u00e3o de Dylan no domingo, 30 de novembro, continua a gerar rea\u00e7\u00f5es dentro e fora do Secret&hellip;\n","protected":false},"author":2,"featured_media":173507,"comment_status":"","ping_status":"","sticky":false,"template":"","format":"standard","meta":{"footnotes":""},"categories":[142],"tags":[18706,19105,114,115,18705,32,33,151,11841,18704],"class_list":{"0":"post-173506","1":"post","2":"type-post","3":"status-publish","4":"format-standard","5":"has-post-thumbnail","7":"category-tv","8":"tag-bastidores-secret-story","9":"tag-dylan","10":"tag-entertainment","11":"tag-entretenimento","12":"tag-entrevistas-concorrentes-tvi","13":"tag-portugal","14":"tag-pt","15":"tag-tv","16":"tag-vera","17":"tag-vida-fora-da-casa"},"share_on_mastodon":{"url":"https:\/\/pubeurope.com\/@pt\/115651899994771159","error":""},"_links":{"self":[{"href":"https:\/\/www.europesays.com\/pt\/wp-json\/wp\/v2\/posts\/173506","targetHints":{"allow":["GET"]}}],"collection":[{"href":"https:\/\/www.europesays.com\/pt\/wp-json\/wp\/v2\/posts"}],"about":[{"href":"https:\/\/www.europesays.com\/pt\/wp-json\/wp\/v2\/types\/post"}],"author":[{"embeddable":true,"href":"https:\/\/www.europesays.com\/pt\/wp-json\/wp\/v2\/users\/2"}],"replies":[{"embeddable":true,"href":"https:\/\/www.europesays.com\/pt\/wp-json\/wp\/v2\/comments?post=173506"}],"version-history":[{"count":0,"href":"https:\/\/www.europesays.com\/pt\/wp-json\/wp\/v2\/posts\/173506\/revisions"}],"wp:featuredmedia":[{"embeddable":true,"href":"https:\/\/www.europesays.com\/pt\/wp-json\/wp\/v2\/media\/173507"}],"wp:attachment":[{"href":"https:\/\/www.europesays.com\/pt\/wp-json\/wp\/v2\/media?parent=173506"}],"wp:term":[{"taxonomy":"category","embeddable":true,"href":"https:\/\/www.europesays.com\/pt\/wp-json\/wp\/v2\/categories?post=173506"},{"taxonomy":"post_tag","embeddable":true,"href":"https:\/\/www.europesays.com\/pt\/wp-json\/wp\/v2\/tags?post=173506"}],"curies":[{"name":"wp","href":"https:\/\/api.w.org\/{rel}","templated":true}]}}