{"id":173508,"date":"2025-12-02T20:39:09","date_gmt":"2025-12-02T20:39:09","guid":{"rendered":"https:\/\/www.europesays.com\/pt\/173508\/"},"modified":"2025-12-02T20:39:09","modified_gmt":"2025-12-02T20:39:09","slug":"para-o-new-york-film-critics-circle-batalha-atras-de-batalha-e-o-filme-de-2025-cinema","status":"publish","type":"post","link":"https:\/\/www.europesays.com\/pt\/173508\/","title":{"rendered":"Para o New York Film Critics Circle, Batalha Atr\u00e1s de Batalha \u00e9 o filme de 2025 | Cinema"},"content":{"rendered":"<p>Batalha atr\u00e1s de Batalha, de Paul Thomas Anderson, \u00e9 o melhor filme de 2025 para o New York Film Critics Circle. A mais antiga associa\u00e7\u00e3o de cr\u00edticos dos Estados Unidos, fundada em 1935, e agrupando cerca de meia centena de cr\u00edticos de cinema de di\u00e1rios e seman\u00e1rios, repetiu esta ter\u00e7a-feira a escolha feita na v\u00e9spera pelos Gotham Awards, os pr\u00e9mios da maior associa\u00e7\u00e3o norte-americana dedicada ao cinema independente.<\/p>\n<p>Ainda pelo filme de Paul Thomas Anderson \u2014 Batalha atr\u00e1s de Batalha: mais de 145 mil espectadores em Portugal \u2014, Benicio del Toro foi considerado pelo c\u00edrculo de cr\u00edticos nova-iorquinos o melhor actor secund\u00e1rio.<\/p>\n<p>O site Deadline nota que 2011, quando o New York Film Critics Circle escolheu O Artista, foi o \u00faltimo ano em que houve sintonia entre as escolhas desta associa\u00e7\u00e3o e os \u00d3scares da Academia de Hollywood.<\/p>\n<p>                &#13;<br \/>\n                    &#13;<br \/>\n                    &#13;<br \/>\n                        Rodagem, em circunst\u00e2ncias ilegais, de Foi s\u00f3 um Acidente&#13;<br \/>\n                    &#13;<\/p>\n<p>O iraniano Jafar Panahi foi votado o melhor realizador (por <a href=\"https:\/\/www.publico.pt\/2025\/11\/14\/culturaipsilon\/entrevista\/jafar-panahi-nao-parabens-teerao-2153561?ref=jafar-panahi&amp;cx=page__content\" rel=\"nofollow noopener\" target=\"_blank\">Foi s\u00f3 um Acidente<\/a>), tamb\u00e9m esta uma decis\u00e3o convergente com a dos Gotham Awards de segunda-feira \u00e0 noite \u2014 nesse dia em que um tribunal revolucion\u00e1rio iraniano <a href=\"https:\/\/www.publico.pt\/2025\/12\/01\/culturaipsilon\/noticia\/irao-condena-revelia-jafar-panahi-ano-prisao-2156661?ref=culturaipsilon&amp;cx=stories_cover__important_c--901214\" rel=\"nofollow noopener\" target=\"_blank\">condenava \u00e0 revelia Jafar Panahi<\/a> a um ano de pris\u00e3o e a dois anos sem poder sair do pa\u00eds, por fazer propaganda anti-revolucion\u00e1ria, o realizador ganhava tr\u00eas pr\u00e9mios, os de melhor realizador, melhor argumento e melhor filme internacional. As cr\u00f3nicas na imprensa americana sobre os Gotham citam-no: dedicou os pr\u00e9mios &#8220;a todos os realizadores que est\u00e3o privados do direito de ver e de serem vistos mas continuam a criar e a existir&#8221;.<\/p>\n<p>Foi s\u00f3 um Acidente, rodado em circunst\u00e2ncias ilegais em Teer\u00e3o, uma vez que Panahi n\u00e3o apresentou o argumento ao organismo de censura do pa\u00eds, j\u00e1 foi visto nas salas portuguesas por mais de oito mil espectadores.<\/p>\n<p>                &#13;<br \/>\n                    &#13;<br \/>\n                    &#13;<br \/>\n                        O Agente Secreto: melhor filme internacional e melhor actor (Wagner Moura)&#13;<br \/>\n                    &#13;<\/p>\n<p>Nesta categoria, melhor filme internacional, o New York Film Critics Circle escolheu <a href=\"https:\/\/www.publico.pt\/2025\/10\/31\/culturaipsilon\/reportagem\/pontapes-ditadura-perna-caneluda-recifefantasma-agente-secreto-2151979\" rel=\"nofollow noopener\" target=\"_blank\">O Agente Secreto<\/a>, do brasileiro Kleber Mendon\u00e7a Filho \u2014 t\u00edtulo que os Gotham ignoraram \u2014, e entregou a <a href=\"https:\/\/www.publico.pt\/2025\/11\/02\/culturaipsilon\/noticia\/wagner-moura-brasil-sabe-ditadura-americanos-nao-2152641\" rel=\"nofollow noopener\" target=\"_blank\">Wagner Moura<\/a> o pr\u00e9mio de melhor actor pelo mesmo filme. A interpreta\u00e7\u00e3o de Wagner Moura foi tamb\u00e9m a escolhida do j\u00fari do Festival de Cannes na sua \u00faltima edi\u00e7\u00e3o, em Maio.<\/p>\n<p><a href=\"https:\/\/www.publico.pt\/2025\/09\/15\/culturaipsilon\/noticia\/agente-secreto-primeira-batalha-fas-filme-brasil-envia-oscar-2147275\" rel=\"nofollow noopener\" target=\"_blank\">O Agente Secreto<\/a> est\u00e1 a chegar aos 40 mil espectadores em Portugal.<\/p>\n<p>Rose Byrne, por If I Had Legs I\u2019d Kick You, foi considerada a melhor actriz; Amy Madigan, por Weapons, a melhor actriz secund\u00e1ria; ainda do g\u00e9nero terror, <a href=\"https:\/\/www.publico.pt\/2025\/04\/16\/culturaipsilon\/critica\/pecadores-gangsters-bluesmen-vampiros-racistas-2129827\" rel=\"nofollow noopener\" target=\"_blank\">Pecadores, de Ryan Coogler<\/a> (vampiros racistas no Sul segregado dos Estados Unidos), teve o pr\u00e9mio da fotografia; Marty Supreme, de Josh Safdie, teve o pr\u00e9mio de argumento; o melhor filme de anima\u00e7\u00e3o foi KPop Demon Hunters; a melhor primeira-obra, Eephus; o melhor document\u00e1rio, My Undesirable Friends: Part I \u2013 Last Air in Moscow, sobre o jornalismo na R\u00fassia de Putin.<\/p>\n<p>Em 2024, o New York Film Critics Circle escolheu como filme do ano <a href=\"https:\/\/www.publico.pt\/2025\/01\/21\/culturaipsilon\/entrevista\/america-invadindo-zonas-intimas-individuos-entrevista-realizador-brutalista-2119447\" rel=\"nofollow noopener\" target=\"_blank\">O Brutalista, de Brady Corbert<\/a><\/p>\n","protected":false},"excerpt":{"rendered":"Batalha atr\u00e1s de Batalha, de Paul Thomas Anderson, \u00e9 o melhor filme de 2025 para o New York&hellip;\n","protected":false},"author":2,"featured_media":173509,"comment_status":"","ping_status":"","sticky":false,"template":"","format":"standard","meta":{"footnotes":""},"categories":[140],"tags":[470,315,1413,114,115,17349,147,148,32732,2153,146,596,32,33,12348],"class_list":{"0":"post-173508","1":"post","2":"type-post","3":"status-publish","4":"format-standard","5":"has-post-thumbnail","7":"category-filmes","8":"tag-cinema","9":"tag-cultura","10":"tag-cultura-ipsilon","11":"tag-entertainment","12":"tag-entretenimento","13":"tag-festival-de-cannes","14":"tag-film","15":"tag-filmes","16":"tag-jafar-panahi","17":"tag-kleber-mendonca-filho","18":"tag-movies","19":"tag-paul-thomas-anderson","20":"tag-portugal","21":"tag-pt","22":"tag-wagner-moura"},"share_on_mastodon":{"url":"https:\/\/pubeurope.com\/@pt\/115651907823447113","error":""},"_links":{"self":[{"href":"https:\/\/www.europesays.com\/pt\/wp-json\/wp\/v2\/posts\/173508","targetHints":{"allow":["GET"]}}],"collection":[{"href":"https:\/\/www.europesays.com\/pt\/wp-json\/wp\/v2\/posts"}],"about":[{"href":"https:\/\/www.europesays.com\/pt\/wp-json\/wp\/v2\/types\/post"}],"author":[{"embeddable":true,"href":"https:\/\/www.europesays.com\/pt\/wp-json\/wp\/v2\/users\/2"}],"replies":[{"embeddable":true,"href":"https:\/\/www.europesays.com\/pt\/wp-json\/wp\/v2\/comments?post=173508"}],"version-history":[{"count":0,"href":"https:\/\/www.europesays.com\/pt\/wp-json\/wp\/v2\/posts\/173508\/revisions"}],"wp:featuredmedia":[{"embeddable":true,"href":"https:\/\/www.europesays.com\/pt\/wp-json\/wp\/v2\/media\/173509"}],"wp:attachment":[{"href":"https:\/\/www.europesays.com\/pt\/wp-json\/wp\/v2\/media?parent=173508"}],"wp:term":[{"taxonomy":"category","embeddable":true,"href":"https:\/\/www.europesays.com\/pt\/wp-json\/wp\/v2\/categories?post=173508"},{"taxonomy":"post_tag","embeddable":true,"href":"https:\/\/www.europesays.com\/pt\/wp-json\/wp\/v2\/tags?post=173508"}],"curies":[{"name":"wp","href":"https:\/\/api.w.org\/{rel}","templated":true}]}}