{"id":173551,"date":"2025-12-02T21:33:10","date_gmt":"2025-12-02T21:33:10","guid":{"rendered":"https:\/\/www.europesays.com\/pt\/173551\/"},"modified":"2025-12-02T21:33:10","modified_gmt":"2025-12-02T21:33:10","slug":"francisco-monteiro-faz-partilha-arrepiante-impossivel-nao-chorar-secret-story","status":"publish","type":"post","link":"https:\/\/www.europesays.com\/pt\/173551\/","title":{"rendered":"Francisco Monteiro faz partilha arrepiante: \u00abImposs\u00edvel n\u00e3o chorar\u00bb &#8211; Secret Story"},"content":{"rendered":"<p><strong>Francisco Monteiro fez uma partilha um pouco diferente do habitual. <\/strong>Adepto fervoroso do <strong>Futebol Clube do Porto<\/strong>, o <a href=\"https:\/\/tvi.iol.pt\/secretstory\/videos\/francisco-monteiro-nao-percebe-como-e-que-marisa-e-pedro-ainda-estao-juntos-e-da-conselho-radical\/692961bc0cf28fe430486d61\" rel=\"nofollow noopener\" target=\"_blank\">vencedor do Big Brother 2023<\/a> assistiu \u00e0 gala dos Drag\u00f5es de Ouro, que decorreu nesta segunda-feira, dia 1 de dezembro, e que distingue v\u00e1rias figuras do clube todos os anos.<\/p>\n<p>Atrav\u00e9s dos stories do Instagram, Zaza, como \u00e9 carinhosamente tratado, publicou um momento emotivo em que Estela Costa, a vi\u00fava de <strong>Jorge Costa, <\/strong>que morreu em agosto deste ano, discursou.\u00a0<\/p>\n<p><strong>\u00abImposs\u00edvel n\u00e3o chorar. Merece ser visto\u00bb<\/strong>, escreveu, na legenda da partilha.<\/p>\n<p><strong>Pode ver tudo aqui:<\/strong><\/p>\n<p style=\"text-align:center\"><img loading=\"lazy\" decoding=\"async\" alt=\"\" height=\"978\" src=\"https:\/\/www.europesays.com\/pt\/wp-content\/uploads\/2025\/12\/692f3493d34e3caad84bf2ae.webp\" width=\"550\"\/><\/p>\n<p>\u00a0<\/p>\n","protected":false},"excerpt":{"rendered":"Francisco Monteiro fez uma partilha um pouco diferente do habitual. Adepto fervoroso do Futebol Clube do Porto, o&hellip;\n","protected":false},"author":2,"featured_media":173552,"comment_status":"","ping_status":"","sticky":false,"template":"","format":"standard","meta":{"footnotes":""},"categories":[142],"tags":[18706,114,115,18705,2071,32,33,151,18704,12181],"class_list":{"0":"post-173551","1":"post","2":"type-post","3":"status-publish","4":"format-standard","5":"has-post-thumbnail","7":"category-tv","8":"tag-bastidores-secret-story","9":"tag-entertainment","10":"tag-entretenimento","11":"tag-entrevistas-concorrentes-tvi","12":"tag-francisco-monteiro","13":"tag-portugal","14":"tag-pt","15":"tag-tv","16":"tag-vida-fora-da-casa","17":"tag-zaza"},"share_on_mastodon":{"url":"https:\/\/pubeurope.com\/@pt\/115652120358237226","error":""},"_links":{"self":[{"href":"https:\/\/www.europesays.com\/pt\/wp-json\/wp\/v2\/posts\/173551","targetHints":{"allow":["GET"]}}],"collection":[{"href":"https:\/\/www.europesays.com\/pt\/wp-json\/wp\/v2\/posts"}],"about":[{"href":"https:\/\/www.europesays.com\/pt\/wp-json\/wp\/v2\/types\/post"}],"author":[{"embeddable":true,"href":"https:\/\/www.europesays.com\/pt\/wp-json\/wp\/v2\/users\/2"}],"replies":[{"embeddable":true,"href":"https:\/\/www.europesays.com\/pt\/wp-json\/wp\/v2\/comments?post=173551"}],"version-history":[{"count":0,"href":"https:\/\/www.europesays.com\/pt\/wp-json\/wp\/v2\/posts\/173551\/revisions"}],"wp:featuredmedia":[{"embeddable":true,"href":"https:\/\/www.europesays.com\/pt\/wp-json\/wp\/v2\/media\/173552"}],"wp:attachment":[{"href":"https:\/\/www.europesays.com\/pt\/wp-json\/wp\/v2\/media?parent=173551"}],"wp:term":[{"taxonomy":"category","embeddable":true,"href":"https:\/\/www.europesays.com\/pt\/wp-json\/wp\/v2\/categories?post=173551"},{"taxonomy":"post_tag","embeddable":true,"href":"https:\/\/www.europesays.com\/pt\/wp-json\/wp\/v2\/tags?post=173551"}],"curies":[{"name":"wp","href":"https:\/\/api.w.org\/{rel}","templated":true}]}}