{"id":173559,"date":"2025-12-02T21:41:32","date_gmt":"2025-12-02T21:41:32","guid":{"rendered":"https:\/\/www.europesays.com\/pt\/173559\/"},"modified":"2025-12-02T21:41:32","modified_gmt":"2025-12-02T21:41:32","slug":"pr-voa-esta-quarta-feira-para-washington-a-convite-de-trump-para-assistir-a-assinatura-do-acordo-de-paz-entre-a-rdc-e-o-ruanda","status":"publish","type":"post","link":"https:\/\/www.europesays.com\/pt\/173559\/","title":{"rendered":"PR voa esta quarta-feira para Washington a convite de Trump para assistir \u00e0 assinatura do acordo de paz entre a RDC e o Ruanda"},"content":{"rendered":"<p>O Presidente da Rep\u00fablica viaja na quarta-feira, 3, para Washington, nos Estados Unidos da Am\u00e9rica, a convite de Donald Trump, para assistir \u00e0 assinatura do acordo de paz entre a Rep\u00fablica Democr\u00e1tica do Congo e o Ruanda.<\/p>\n<p>NJ<\/p>\n<p>2 de Dezembro\u00a02025 \u00e0s 13:24<\/p>\n<p>Trump vai juntar os l\u00edderes do Ruanda e da Rep\u00fablica Democr\u00e1tica do Congo (RDC) em Washington na quinta-feira, 4, para a assinatura de um novo acordo de paz, depois do anterior cessar-fogo, conseguido pela media\u00e7\u00e3o norte-americana e pelo Catar, ter sido desrespeitado pelos rebeldes do M23.<\/p>\n<p>O grupo rebelde que conta com o apoio do Ruanda e que no in\u00edcio de 2025 conquistou pelas armas as prov\u00edncias dos Kivu Norte e Kivu Sul, ocupando as duas capitais regionais, Goma e Bukavu, aceitou os termos do cessar-fogo desenhado pelos Presidentes do Ruanda e da RDC com a media\u00e7\u00e3o norte-americana e catari.<\/p>\n<p>Mas os ataques foram retomados a centros populacionais civis pouco tempo depois, seguindo a mesma l\u00f3gia pr\u00e9-acordo, que \u00e9 a de ganhar posi\u00e7\u00f5es em territ\u00f3rios de import\u00e2ncia estrat\u00e9gica na disputa pelas riquezas do sub-solo do leste do Congo.<\/p>\n","protected":false},"excerpt":{"rendered":"O Presidente da Rep\u00fablica viaja na quarta-feira, 3, para Washington, nos Estados Unidos da Am\u00e9rica, a convite de&hellip;\n","protected":false},"author":2,"featured_media":173560,"comment_status":"","ping_status":"","sticky":false,"template":"","format":"standard","meta":{"footnotes":""},"categories":[50],"tags":[2992,2713,836,1063,1753,3003,2995,27,28,470,1195,315,135,3005,476,2993,2258,1169,15,16,2085,524,3002,3000,643,14,2998,2086,1856,82,2513,1428,25,26,2996,2994,2997,21,22,606,3001,62,150,619,12,718,2990,13,19,20,2991,2989,835,602,52,32,23,24,2999,548,679,58,2387,218,605,17,18,151,29,30,31,578,63,64,65,3004],"class_list":{"0":"post-173559","1":"post","2":"type-post","3":"status-publish","4":"format-standard","5":"has-post-thumbnail","7":"category-mundo","8":"tag-actualidade","9":"tag-africa","10":"tag-analise","11":"tag-angola","12":"tag-artes","13":"tag-assinatura","14":"tag-benguela","15":"tag-breaking-news","16":"tag-breakingnews","17":"tag-cinema","18":"tag-concerto","19":"tag-cultura","20":"tag-desporto","21":"tag-download","22":"tag-economia","23":"tag-editorial","24":"tag-eleicoes","25":"tag-facebook","26":"tag-featured-news","27":"tag-featurednews","28":"tag-fotografia","29":"tag-futebol","30":"tag-galeria","31":"tag-girabola","32":"tag-google","33":"tag-headlines","34":"tag-huambo","35":"tag-imagem","36":"tag-informacao","37":"tag-internacional","38":"tag-jornal","39":"tag-jornalismo","40":"tag-latest-news","41":"tag-latestnews","42":"tag-lobito","43":"tag-luanda","44":"tag-lubango","45":"tag-main-news","46":"tag-mainnews","47":"tag-meteorologia","48":"tag-multimedia","49":"tag-mundo","50":"tag-musica","51":"tag-nacional","52":"tag-news","53":"tag-newsletter","54":"tag-nj","55":"tag-noticias","56":"tag-noticias-principais","57":"tag-noticiasprincipais","58":"tag-nova-vaga","59":"tag-novo-jornal","60":"tag-opiniao","61":"tag-pais","62":"tag-politica","63":"tag-portugal","64":"tag-principais-noticias","65":"tag-principaisnoticias","66":"tag-provincias","67":"tag-redes-sociais","68":"tag-reportagem","69":"tag-sociedade","70":"tag-teatro","71":"tag-televisao","72":"tag-tempo","73":"tag-top-stories","74":"tag-topstories","75":"tag-tv","76":"tag-ultimas","77":"tag-ultimas-noticias","78":"tag-ultimasnoticias","79":"tag-video","80":"tag-world","81":"tag-world-news","82":"tag-worldnews","83":"tag-youtube"},"share_on_mastodon":{"url":"","error":"Validation failed: Text character limit of 500 exceeded"},"_links":{"self":[{"href":"https:\/\/www.europesays.com\/pt\/wp-json\/wp\/v2\/posts\/173559","targetHints":{"allow":["GET"]}}],"collection":[{"href":"https:\/\/www.europesays.com\/pt\/wp-json\/wp\/v2\/posts"}],"about":[{"href":"https:\/\/www.europesays.com\/pt\/wp-json\/wp\/v2\/types\/post"}],"author":[{"embeddable":true,"href":"https:\/\/www.europesays.com\/pt\/wp-json\/wp\/v2\/users\/2"}],"replies":[{"embeddable":true,"href":"https:\/\/www.europesays.com\/pt\/wp-json\/wp\/v2\/comments?post=173559"}],"version-history":[{"count":0,"href":"https:\/\/www.europesays.com\/pt\/wp-json\/wp\/v2\/posts\/173559\/revisions"}],"wp:featuredmedia":[{"embeddable":true,"href":"https:\/\/www.europesays.com\/pt\/wp-json\/wp\/v2\/media\/173560"}],"wp:attachment":[{"href":"https:\/\/www.europesays.com\/pt\/wp-json\/wp\/v2\/media?parent=173559"}],"wp:term":[{"taxonomy":"category","embeddable":true,"href":"https:\/\/www.europesays.com\/pt\/wp-json\/wp\/v2\/categories?post=173559"},{"taxonomy":"post_tag","embeddable":true,"href":"https:\/\/www.europesays.com\/pt\/wp-json\/wp\/v2\/tags?post=173559"}],"curies":[{"name":"wp","href":"https:\/\/api.w.org\/{rel}","templated":true}]}}