{"id":173600,"date":"2025-12-02T22:27:10","date_gmt":"2025-12-02T22:27:10","guid":{"rendered":"https:\/\/www.europesays.com\/pt\/173600\/"},"modified":"2025-12-02T22:27:10","modified_gmt":"2025-12-02T22:27:10","slug":"portugal-fem-x-brasil-maisfutebol","status":"publish","type":"post","link":"https:\/\/www.europesays.com\/pt\/173600\/","title":{"rendered":"Portugal Fem X Brasil &#8211; Maisfutebol"},"content":{"rendered":"<ol>\n<li><a href=\"https:\/\/news.google.com\/rss\/articles\/CBMia0FVX3lxTFB5eFBMUUFBVG0wemZJaWVHNHJlV2JuUlZUUWdFV1ZER1NsLXBoOG9pTk9RVU9uMTlnWGxNU2JSYkZsNi1yQk5hQ3dQZ3dQc18tMzdnMVpneWZ0VHJYZEtGM1BYYTFocU1RSUF3?oc=5\" target=\"_blank\" rel=\"nofollow noopener\">Portugal Fem X Brasil<\/a>&nbsp;&nbsp;Maisfutebol<\/li>\n<li><a href=\"https:\/\/news.google.com\/rss\/articles\/CBMi1gFBVV95cUxNY1FPSmFBNzRJOEg0SW8xbXlveVVJRXF0UmpjS1NwV3FZN0Z0TG9lUmhDcFBCYU5sVkRhUmRyNXhlZXY4VkFGSEdubWZyMUszcEV4WUZPc0prQWhhSnRoTmdEMWo5MnhQX0c3N0RwSWFYalFkRFp1WC1UT1VtWXEwcmN5alpwQ2RGT3FkampUN1JteGxpMzQ5RG45TFhyZFJvYTRoN01teUxXUTNIYjRxV2IxczdmREZobXM5OU9OeTg2Y2IyUENZdTJqSVVUOEJhN081eDVB?oc=5\" target=\"_blank\" rel=\"nofollow noopener\">Brasil x Portugal: hor\u00e1rio e onde assistir ao amistoso da Sele\u00e7\u00e3o Feminina<\/a>&nbsp;&nbsp;CNN Brasil<\/li>\n<li><a href=\"https:\/\/news.google.com\/rss\/articles\/CBMisAFBVV95cUxPcWZqRTNIcUJuN29fdGE3amppVElpOG94dXFpT3FRWl9Kd25WMDZtOU0wb1ZxcklXekd3TjRmRE5kZDByNjRJeVhHSnlWSGhrSnJQOHE3UDhYV0xVMHVjQlpxTFluQkpkVUJvQnlBZXduVXcxalM1dlVIbFVvNVBtTWVITG82LTZ5bklkQ2JkTjc4b3RXNklTRmVZczlSLV9OUlk4MEFsb1ozTW9YTk1lX9IBtgFBVV95cUxPb21SWTZJRHN5YmI5Z3N2YUFkMEFpVTJJTmJTdXlhcGJ2TDR2aXlrUlVFMlZaZmFpd1JhNXpxR2NaeklQa08zWGI5UlZ3QlhzZFd3bXlTMS1hdUM5SUhieURBRXd3LTduSWtTZ21GVWc4am9UR3hxU0U3RUZadWxCVVE5ZDJrY0EzRV9DNHBGcFUyLTB1b0xjbE5EXzBuaERNdVczY0w4VW8ya1dTUEZxaTNmNkRkZw?oc=5\" target=\"_blank\" rel=\"nofollow noopener\">Sele\u00e7\u00e3o feminina fecha temporada com goleada sobre Portugal<\/a>&nbsp;&nbsp;Folha de S.Paulo<\/li>\n<li><a href=\"https:\/\/news.google.com\/rss\/articles\/CBMi2AFBVV95cUxPT0N4NWVWVm1lR0ZSTHl0MThSZkxtMnhzbFhkV04wUWJkbW9lQ0pFSWJxVVNScXBucTJVUnVwNnpyZU0xSVFhYkwybVZaYnBvSTNhcEMyRWQzUmxrSE9mRlBrcXR1M2RfNkZ0ZmpuQy13Y3NlVE5ld0JqaFh0SHJmMGVoNUpMMEliTTZkRXRlUU9YWUl3VnR0eG9uUGVveDZHdzJmcmI4RUt0cGFUaVh4UTdkSGg5WjBBWDVDckNubUg2c2Q0QU5kcEI1VGRqcXA1d19HMUZ5UmE?oc=5\" target=\"_blank\" rel=\"nofollow noopener\">Zanotti brilha e Brasil goleia Portugal em amistoso com forte presen\u00e7a corinthiana<\/a>&nbsp;&nbsp;Meu Tim\u00e3o<\/li>\n<li><a href=\"https:\/\/news.google.com\/rss\/articles\/CBMi1AFBVV95cUxOSXVsd2NmVDIwWDY0UHRBd3VFWjZfWTg3Y1N0Zk5yLXQ0Q3ZISVhUTzZ6WWNzVzRwVTlGb2JGSHEyMnJOZlY3dnZGNTVOWVNUdDczVW11Xy1MVWhlQktQQjRRdUpwcVhxb05ucWdYTENROENvWUFQenhaNlFHVGs3QU1UU1pmdVRuVE5fWlh6QUJCSUQzSURPeW5Ya0FyOENjaDNMbC1kMU03cWxyNXpQai00U3E3R0F3T0hRdmN1TFpZSjA4bHhob1pzd2ZYRTFHWUFZaQ?oc=5\" target=\"_blank\" rel=\"nofollow noopener\">Conhe\u00e7a o Est\u00e1dio Municipal de Aveiro, palco do duelo entre Brasil e Portugal<\/a>&nbsp;&nbsp;CBF<\/li>\n<\/ol>\n","protected":false},"excerpt":{"rendered":"Portugal Fem X Brasil&nbsp;&nbsp;Maisfutebol Brasil x Portugal: hor\u00e1rio e onde assistir ao amistoso da Sele\u00e7\u00e3o Feminina&nbsp;&nbsp;CNN Brasil Sele\u00e7\u00e3o&hellip;\n","protected":false},"author":2,"featured_media":23772,"comment_status":"","ping_status":"","sticky":false,"template":"","format":"standard","meta":{"footnotes":""},"categories":[8],"tags":[726,27,28,15,16,14,25,26,21,22,12,13,19,20,32,36222,23,24,33,47,17,18,29,30,31],"class_list":{"0":"post-173600","1":"post","2":"type-post","3":"status-publish","4":"format-standard","5":"has-post-thumbnail","7":"category-principais-noticias","8":"tag-brasil","9":"tag-breaking-news","10":"tag-breakingnews","11":"tag-featured-news","12":"tag-featurednews","13":"tag-headlines","14":"tag-latest-news","15":"tag-latestnews","16":"tag-main-news","17":"tag-mainnews","18":"tag-news","19":"tag-noticias","20":"tag-noticias-principais","21":"tag-noticiasprincipais","22":"tag-portugal","23":"tag-portugal-fem","24":"tag-principais-noticias","25":"tag-principaisnoticias","26":"tag-pt","27":"tag-pura-paixao","28":"tag-top-stories","29":"tag-topstories","30":"tag-ultimas","31":"tag-ultimas-noticias","32":"tag-ultimasnoticias"},"share_on_mastodon":{"url":"https:\/\/pubeurope.com\/@pt\/115652332424292434","error":""},"_links":{"self":[{"href":"https:\/\/www.europesays.com\/pt\/wp-json\/wp\/v2\/posts\/173600","targetHints":{"allow":["GET"]}}],"collection":[{"href":"https:\/\/www.europesays.com\/pt\/wp-json\/wp\/v2\/posts"}],"about":[{"href":"https:\/\/www.europesays.com\/pt\/wp-json\/wp\/v2\/types\/post"}],"author":[{"embeddable":true,"href":"https:\/\/www.europesays.com\/pt\/wp-json\/wp\/v2\/users\/2"}],"replies":[{"embeddable":true,"href":"https:\/\/www.europesays.com\/pt\/wp-json\/wp\/v2\/comments?post=173600"}],"version-history":[{"count":0,"href":"https:\/\/www.europesays.com\/pt\/wp-json\/wp\/v2\/posts\/173600\/revisions"}],"wp:featuredmedia":[{"embeddable":true,"href":"https:\/\/www.europesays.com\/pt\/wp-json\/wp\/v2\/media\/23772"}],"wp:attachment":[{"href":"https:\/\/www.europesays.com\/pt\/wp-json\/wp\/v2\/media?parent=173600"}],"wp:term":[{"taxonomy":"category","embeddable":true,"href":"https:\/\/www.europesays.com\/pt\/wp-json\/wp\/v2\/categories?post=173600"},{"taxonomy":"post_tag","embeddable":true,"href":"https:\/\/www.europesays.com\/pt\/wp-json\/wp\/v2\/tags?post=173600"}],"curies":[{"name":"wp","href":"https:\/\/api.w.org\/{rel}","templated":true}]}}