{"id":173610,"date":"2025-12-02T22:36:11","date_gmt":"2025-12-02T22:36:11","guid":{"rendered":"https:\/\/www.europesays.com\/pt\/173610\/"},"modified":"2025-12-02T22:36:11","modified_gmt":"2025-12-02T22:36:11","slug":"nuno-markl-anuncia-detox-online-e-conselho-valido-para-quem-nao-teve-avc","status":"publish","type":"post","link":"https:\/\/www.europesays.com\/pt\/173610\/","title":{"rendered":"Nuno Markl anuncia detox online: \u00ab\u00c9 conselho v\u00e1lido para quem n\u00e3o teve AVC\u00bb"},"content":{"rendered":"<p style=\"margin-bottom:11px\">Nuno Markl continua internado no Hospital S\u00e3o Francisco Xavier, em Lisboa, e nesta ter\u00e7a-feira recorreu \u00e0s redes sociais para anunciar que vai interromper a atividade online.<\/p>\n<p>\u00abMalta, at\u00e9 por conselho m\u00e9dico vou estar um pouco mais arredado. Espero que compreendam. Irei dizendo coisas de vez em quando, mas parte do tratamento passa por um \u201cdetox\u201d de redes sociais e do caos que vem com elas. (Isto \u00e9 um conselho v\u00e1lido tamb\u00e9m para quem n\u00e3o teve AVC.) Agrade\u00e7o todo o vosso curativo amor, mas esta altura pede que me dedique um pouco mais a mim e aos meus. Est\u00e1 tudo bem encaminhado, mas \u00e9 um processo com trabalhinho duro pela frente. Abra\u00e7o-o com entusiasmo. Um valente at\u00e9 j\u00e1 e um s\u00f3lido: \u201cI\u2019ll be back!\u201d\u00bb, escreveu.<\/p>\n<p>O humorista de 54 anos sofreu um AVC a 20 de novembro.<\/p>\n<blockquote class=\"instagram-media\" data-instgrm-captioned=\"\" data-instgrm-permalink=\"https:\/\/www.instagram.com\/p\/DRxYA1vjF1x\/?utm_source=ig_embed&amp;utm_campaign=loading\" data-instgrm-version=\"14\" style=\" background:#FFF; border:0; border-radius:3px; box-shadow:0 0 1px 0 rgba(0,0,0,0.5),0 1px 10px 0 rgba(0,0,0,0.15); margin: 1px; max-width:540px; min-width:326px; padding:0; width:99.375%; width:-webkit-calc(100% - 2px); width:calc(100% - 2px);\">\n<\/blockquote>\n<p>                                <script async src=\"\/\/www.instagram.com\/embed.js\"><\/script><\/p>\n","protected":false},"excerpt":{"rendered":"Nuno Markl continua internado no Hospital S\u00e3o Francisco Xavier, em Lisboa, e nesta ter\u00e7a-feira recorreu \u00e0s redes sociais&hellip;\n","protected":false},"author":2,"featured_media":173611,"comment_status":"","ping_status":"","sticky":false,"template":"","format":"standard","meta":{"footnotes":""},"categories":[85],"tags":[1493,114,115,46,36223,7660,7661,11435,32,33,47,548],"class_list":{"0":"post-173610","1":"post","2":"type-post","3":"status-publish","4":"format-standard","5":"has-post-thumbnail","7":"category-entretenimento","8":"tag-avc","9":"tag-entertainment","10":"tag-entretenimento","11":"tag-maisfutebol","12":"tag-markl","13":"tag-mf-social","14":"tag-mfsocial","15":"tag-nuno-markl","16":"tag-portugal","17":"tag-pt","18":"tag-pura-paixao","19":"tag-redes-sociais"},"share_on_mastodon":{"url":"https:\/\/pubeurope.com\/@pt\/115652367717178292","error":""},"_links":{"self":[{"href":"https:\/\/www.europesays.com\/pt\/wp-json\/wp\/v2\/posts\/173610","targetHints":{"allow":["GET"]}}],"collection":[{"href":"https:\/\/www.europesays.com\/pt\/wp-json\/wp\/v2\/posts"}],"about":[{"href":"https:\/\/www.europesays.com\/pt\/wp-json\/wp\/v2\/types\/post"}],"author":[{"embeddable":true,"href":"https:\/\/www.europesays.com\/pt\/wp-json\/wp\/v2\/users\/2"}],"replies":[{"embeddable":true,"href":"https:\/\/www.europesays.com\/pt\/wp-json\/wp\/v2\/comments?post=173610"}],"version-history":[{"count":0,"href":"https:\/\/www.europesays.com\/pt\/wp-json\/wp\/v2\/posts\/173610\/revisions"}],"wp:featuredmedia":[{"embeddable":true,"href":"https:\/\/www.europesays.com\/pt\/wp-json\/wp\/v2\/media\/173611"}],"wp:attachment":[{"href":"https:\/\/www.europesays.com\/pt\/wp-json\/wp\/v2\/media?parent=173610"}],"wp:term":[{"taxonomy":"category","embeddable":true,"href":"https:\/\/www.europesays.com\/pt\/wp-json\/wp\/v2\/categories?post=173610"},{"taxonomy":"post_tag","embeddable":true,"href":"https:\/\/www.europesays.com\/pt\/wp-json\/wp\/v2\/tags?post=173610"}],"curies":[{"name":"wp","href":"https:\/\/api.w.org\/{rel}","templated":true}]}}