{"id":173627,"date":"2025-12-02T22:56:36","date_gmt":"2025-12-02T22:56:36","guid":{"rendered":"https:\/\/www.europesays.com\/pt\/173627\/"},"modified":"2025-12-02T22:56:36","modified_gmt":"2025-12-02T22:56:36","slug":"guardas-prisionais-chegam-acordo-e-abdicam-de-greve-geral-observador","status":"publish","type":"post","link":"https:\/\/www.europesays.com\/pt\/173627\/","title":{"rendered":"Guardas prisionais chegam acordo e abdicam de greve geral \u2013 Observador"},"content":{"rendered":"<p>Os guardas prisionais v\u00e3o passar a receber as horas extraordin\u00e1rias na totalidade, na sequ\u00eancia de um acordo a assinar na quarta-feira com a ministra da Justi\u00e7a, que contempla ainda outras reivindica\u00e7\u00f5es da classe, segundo o sindicato.<\/p>\n<p>O presidente do Sindicato Nacional do Corpo da Guarda Prisional (SNCGP), Frederico Morais, adiantou \u00e0 ag\u00eancia Lusa que a estrutura ponderou participar na greve geral de 11 de dezembro e que tinha uma confer\u00eancia de imprensa marcada para esta ter\u00e7a-feira de manh\u00e3, que acabou por desconvocar por o minist\u00e9rio de Rita Alarc\u00e3o J\u00fadice ter anu\u00eddo com um acordo que contempla as principais reivindica\u00e7\u00f5es.<\/p>\n<p>Segundo o dirigente sindical, o acordo, que ser\u00e1 assinado na quarta-feira \u00e0 tarde, al\u00e9m do pagamento da totalidade das horas extraordin\u00e1rias, <strong>contempla altera\u00e7\u00f5es estatut\u00e1rias a partir de janeiro, entre as quais concursos mais r\u00e1pidos, iguais aos da PSP e da GNR, e promo\u00e7\u00f5es por antiguidade como naquelas duas for\u00e7as de seguran\u00e7a.<\/strong><\/p>\n<p>Al\u00e9m destas quest\u00f5es consideradas essenciais, ser\u00e3o desbloqueadas 200 promo\u00e7\u00f5es a guarda principal (n\u00famero que pode vir a ser aumentado durante as negocia\u00e7\u00f5es) e a promo\u00e7\u00e3o de pelo menos 15 operacionais \u00e0 categoria de chefes principais.<\/p>\n<p>Frederico Morais adiantou \u00e0 Lusa que perante a garantia de assinatura deste acordo com a tutela, a dire\u00e7\u00e3o do sindicato decidiu desconvocar a sua participa\u00e7\u00e3o na greve geral de 11 de dezembro.<\/p>\n<p>O SNCGP faz parte da Comiss\u00e3o Coordenadora Permanente dos Sindicatos e Associa\u00e7\u00f5es dos Profissionais das For\u00e7as e Servi\u00e7os de Seguran\u00e7a (CCP), que re\u00fane ainda representantes dos sindicatos da PSP, das associa\u00e7\u00f5es s\u00f3cio-profissionais da GNR, Pol\u00edcia Mar\u00edtima (PM) e da Autoridade de Seguran\u00e7a Alimentar e Econ\u00f3mica (ASAE).<\/p>\n<p>Questionado pela Lusa sobre se a desvincula\u00e7\u00e3o da greve geral por via do acordo a assinar n\u00e3o compromete o sindicato no seio da (CCP), Frederico Morais respondeu que a estrutura \u201cest\u00e1 solid\u00e1ria\u201d com os princ\u00edpios da greve geral, mas que n\u00e3o vai aderir pois a tutela respondeu favoravelmente \u201ca alguns pontos cruciais\u201d das negocia\u00e7\u00f5es, que ir\u00e3o prosseguir para al\u00e9m da assinatura do acordo.<\/p>\n<p>O dirigente sindical disse que toda esta situa\u00e7\u00e3o foi comunicada e debatida com a CCP.<\/p>\n","protected":false},"excerpt":{"rendered":"Os guardas prisionais v\u00e3o passar a receber as horas extraordin\u00e1rias na totalidade, na sequ\u00eancia de um acordo a&hellip;\n","protected":false},"author":2,"featured_media":173628,"comment_status":"","ping_status":"","sticky":false,"template":"","format":"standard","meta":{"footnotes":""},"categories":[8],"tags":[27,28,15,16,14,25,26,21,22,19412,12,13,19,20,302,32,23,24,3694,33,36227,58,17,18,29,30,31],"class_list":{"0":"post-173627","1":"post","2":"type-post","3":"status-publish","4":"format-standard","5":"has-post-thumbnail","7":"category-principais-noticias","8":"tag-breaking-news","9":"tag-breakingnews","10":"tag-featured-news","11":"tag-featurednews","12":"tag-headlines","13":"tag-latest-news","14":"tag-latestnews","15":"tag-main-news","16":"tag-mainnews","17":"tag-ministu00e9rio-da-justiu00e7a","18":"tag-news","19":"tag-noticias","20":"tag-noticias-principais","21":"tag-noticiasprincipais","22":"tag-polu00edtica","23":"tag-portugal","24":"tag-principais-noticias","25":"tag-principaisnoticias","26":"tag-prisu00e3o","27":"tag-pt","28":"tag-serviu00e7os-prisionais","29":"tag-sociedade","30":"tag-top-stories","31":"tag-topstories","32":"tag-ultimas","33":"tag-ultimas-noticias","34":"tag-ultimasnoticias"},"share_on_mastodon":{"url":"https:\/\/pubeurope.com\/@pt\/115652446540279651","error":""},"_links":{"self":[{"href":"https:\/\/www.europesays.com\/pt\/wp-json\/wp\/v2\/posts\/173627","targetHints":{"allow":["GET"]}}],"collection":[{"href":"https:\/\/www.europesays.com\/pt\/wp-json\/wp\/v2\/posts"}],"about":[{"href":"https:\/\/www.europesays.com\/pt\/wp-json\/wp\/v2\/types\/post"}],"author":[{"embeddable":true,"href":"https:\/\/www.europesays.com\/pt\/wp-json\/wp\/v2\/users\/2"}],"replies":[{"embeddable":true,"href":"https:\/\/www.europesays.com\/pt\/wp-json\/wp\/v2\/comments?post=173627"}],"version-history":[{"count":0,"href":"https:\/\/www.europesays.com\/pt\/wp-json\/wp\/v2\/posts\/173627\/revisions"}],"wp:featuredmedia":[{"embeddable":true,"href":"https:\/\/www.europesays.com\/pt\/wp-json\/wp\/v2\/media\/173628"}],"wp:attachment":[{"href":"https:\/\/www.europesays.com\/pt\/wp-json\/wp\/v2\/media?parent=173627"}],"wp:term":[{"taxonomy":"category","embeddable":true,"href":"https:\/\/www.europesays.com\/pt\/wp-json\/wp\/v2\/categories?post=173627"},{"taxonomy":"post_tag","embeddable":true,"href":"https:\/\/www.europesays.com\/pt\/wp-json\/wp\/v2\/tags?post=173627"}],"curies":[{"name":"wp","href":"https:\/\/api.w.org\/{rel}","templated":true}]}}