{"id":173638,"date":"2025-12-02T23:08:25","date_gmt":"2025-12-02T23:08:25","guid":{"rendered":"https:\/\/www.europesays.com\/pt\/173638\/"},"modified":"2025-12-02T23:08:25","modified_gmt":"2025-12-02T23:08:25","slug":"agencias-de-turismo-criticam-embuste-da-taxa-turistica-e-pedem-clarificacao-de-negocios-nao-convencionais","status":"publish","type":"post","link":"https:\/\/www.europesays.com\/pt\/173638\/","title":{"rendered":"Ag\u00eancias de turismo criticam &#8220;embuste da taxa tur\u00edstica&#8221; e pedem clarifica\u00e7\u00e3o de neg\u00f3cios n\u00e3o convencionais"},"content":{"rendered":"<p data-remotead-prev-elm=\"true\" data-remotead-elm-id=\"inread\">Pedro Costa Ferreira assinalou &#8220;a vergonhosa evolu\u00e7\u00e3o das taxas tur\u00edsticas&#8221; que s\u00e3o &#8220;um embuste&#8221;, pois nem s\u00e3o taxas, nem s\u00e3o tur\u00edsticas. N\u00e3o correspondem a qualquer servi\u00e7o e s\u00e3o pagas por todos. &#8220;S\u00e3o mais um ataque de pol\u00edticos fracos a mercados fracos, que sangra quem, por trabalhar mais e melhor, produz mais resultados&#8221;, criticou.<\/p>\n<p>O setor do turismo &#8220;\u00e9 mais competitivo que a economia nacional&#8221;, elogiou o l\u00edder da APAVT. Tem sido uma zona de resist\u00eancia \u00e0 &#8220;mediocridade reinante &#8220;e &#8220;tem permitido crescer, onde todos estagnam&#8221;. Descentraliza e acolhe imigrantes, &#8220;dando-lhes forma\u00e7\u00e3o e condi\u00e7\u00f5es dignas, quando outros os defendem nas ruas para melhor os alojarem em camadas como se fossem esc\u00f3ria humana&#8221;, precisou.<\/p>\n<p>Falando diretamente para o secret\u00e1rio de Estado do Turismo, o l\u00edder da APAVT lembrou a necessidade de clarificar as condi\u00e7\u00f5es de exerc\u00edcio da atividade, nomeadamente a explos\u00e3o dos neg\u00f3cios &#8220;n\u00e3o convencionais&#8221; que tem provocado &#8220;d\u00favidas e incerteza&#8221;. E pediu igualdade de oportunidades para todos.<\/p>\n<p>Nova estrat\u00e9gia<\/p>\n<p data-remotead-prev-elm=\"true\" data-remotead-elm-id=\"centro1\"><img decoding=\"async\" class=\"ngx-body\" guid=\"1e43c06c-4d82-417f-865f-69e03bbdba3c\" src=\"https:\/\/www.europesays.com\/pt\/wp-content\/uploads\/2025\/12\/1764716905_930_image.webp\" width=\"100%\"\/><br \/>Foto: DR<\/p>\n<p>Numa comunica\u00e7\u00e3o posterior, o secret\u00e1rio de Estado anunciou um refor\u00e7o de financiamento que, no pr\u00f3ximo ano, ir\u00e1 permitir colmatar algumas car\u00eancias operacionais e refor\u00e7ar a fiscaliza\u00e7\u00e3o de angariadores de viagens nas redes sociais e &#8220;influencers&#8221;. Haver\u00e1 &#8220;uma aten\u00e7\u00e3o redobrada, quer do Turismo de Portugal, quer na ASAE, na defesa dos interesses dos agentes tur\u00edsticos&#8221;, prometeu Pedro Machado. O governante salientou que no dia 18 ser\u00e1 lan\u00e7ada a nova estrat\u00e9gia nacional para o Turismo 2035 que pretende colocar Portugal nos &#8220;dez pa\u00edses mais competitivos do mundo em termos de posicionamento&#8221;.<\/p>\n<p>&#8220;Tutela absolutamente ignorante&#8221;<\/p>\n<p>Sobre a TAP, Pedro Costa Ferreira referiu a revoltante situa\u00e7\u00e3o da companhia n\u00e3o aceitar cart\u00f5es de cr\u00e9dito de ag\u00eancias de viagens, mas disse contar com o presidente da TAP para a preparar &#8220;para uma privatiza\u00e7\u00e3o com \u00eaxito&#8221;.<\/p>\n<p data-remotead-prev-elm=\"true\" data-remotead-elm-id=\"centro2\">O l\u00edder da APAVT pediu ainda uma melhor gest\u00e3o dos museus e monumentos que &#8220;s\u00e3o, sempre foram, das pessoas&#8221; e n\u00e3o &#8220;t\u00eam de ser protegidos delas. Come\u00e7o a pensar que t\u00eam de ser protegidos de uma tutela indigente, absolutamente ignorante e totalmente incapaz de atuar&#8221;, criticou, salientando o papel fundamental dos agentes tur\u00edsticos na divulga\u00e7\u00e3o da cultura, mas que continuam a ser tratados como &#8220;delinquentes organizados&#8221;.<\/p>\n<p>Na abertura do congresso, que decorre at\u00e9 quinta-feira, Pedro Costa Ferreira real\u00e7ou os 7,7 mil milh\u00f5es de euros gerados pelo setor, o equivalente a 3,3% do PIB, lembrando que, em 2019, representava apenas 4,2 mil milh\u00f5es de euros. E assinalou que a distribui\u00e7\u00e3o tur\u00edstica teve um impacto global de cerca de 2,9% do emprego global, 3,3% do total nacional das remunera\u00e7\u00f5es e 2,6% da receita fiscal arrecadada em Portugal. &#8220;Estamos todos de parab\u00e9ns&#8221;, terminou.<\/p>\n","protected":false},"excerpt":{"rendered":"Pedro Costa Ferreira assinalou &#8220;a vergonhosa evolu\u00e7\u00e3o das taxas tur\u00edsticas&#8221; que s\u00e3o &#8220;um embuste&#8221;, pois nem s\u00e3o taxas,&hellip;\n","protected":false},"author":2,"featured_media":173639,"comment_status":"","ping_status":"","sticky":false,"template":"","format":"standard","meta":{"footnotes":""},"categories":[83],"tags":[36230,88,476,89,90,15366,32,33,36229,1456],"class_list":{"0":"post-173638","1":"post","2":"type-post","3":"status-publish","4":"format-standard","5":"has-post-thumbnail","7":"category-empresas","8":"tag-agencias-de-viagens","9":"tag-business","10":"tag-economia","11":"tag-economy","12":"tag-empresas","13":"tag-macau","14":"tag-portugal","15":"tag-pt","16":"tag-taxa-turistica","17":"tag-turismo"},"share_on_mastodon":{"url":"https:\/\/pubeurope.com\/@pt\/115652493819333111","error":""},"_links":{"self":[{"href":"https:\/\/www.europesays.com\/pt\/wp-json\/wp\/v2\/posts\/173638","targetHints":{"allow":["GET"]}}],"collection":[{"href":"https:\/\/www.europesays.com\/pt\/wp-json\/wp\/v2\/posts"}],"about":[{"href":"https:\/\/www.europesays.com\/pt\/wp-json\/wp\/v2\/types\/post"}],"author":[{"embeddable":true,"href":"https:\/\/www.europesays.com\/pt\/wp-json\/wp\/v2\/users\/2"}],"replies":[{"embeddable":true,"href":"https:\/\/www.europesays.com\/pt\/wp-json\/wp\/v2\/comments?post=173638"}],"version-history":[{"count":0,"href":"https:\/\/www.europesays.com\/pt\/wp-json\/wp\/v2\/posts\/173638\/revisions"}],"wp:featuredmedia":[{"embeddable":true,"href":"https:\/\/www.europesays.com\/pt\/wp-json\/wp\/v2\/media\/173639"}],"wp:attachment":[{"href":"https:\/\/www.europesays.com\/pt\/wp-json\/wp\/v2\/media?parent=173638"}],"wp:term":[{"taxonomy":"category","embeddable":true,"href":"https:\/\/www.europesays.com\/pt\/wp-json\/wp\/v2\/categories?post=173638"},{"taxonomy":"post_tag","embeddable":true,"href":"https:\/\/www.europesays.com\/pt\/wp-json\/wp\/v2\/tags?post=173638"}],"curies":[{"name":"wp","href":"https:\/\/api.w.org\/{rel}","templated":true}]}}