{"id":173655,"date":"2025-12-02T23:28:08","date_gmt":"2025-12-02T23:28:08","guid":{"rendered":"https:\/\/www.europesays.com\/pt\/173655\/"},"modified":"2025-12-02T23:28:08","modified_gmt":"2025-12-02T23:28:08","slug":"debate-presidenciais-antonio-filipe-e-henrique-gouveia-e-melo-trocam-acusacoes-sobre-situacao-de-paz-na-ucrania","status":"publish","type":"post","link":"https:\/\/www.europesays.com\/pt\/173655\/","title":{"rendered":"Debate Presidenciais. Ant\u00f3nio Filipe e Henrique Gouveia e Melo trocam acusa\u00e7\u00f5es sobre situa\u00e7\u00e3o de paz na Ucr\u00e2nia"},"content":{"rendered":"<p>&#13;<br \/>\nNo debate televisivo transmitido pela TVI, o ex-chefe do Estado Maior da Armada e o candidato presidencial apoiado pelo PCP estiveram em desacordo em quase tudo, desde a Ucr\u00e2nia, passando pela presen\u00e7a de Portugal na NATO, os modelos econ\u00f3micos e o novo pacote laboral.<br \/>&#13;\n<\/p>\n<p>&#13;<br \/>\nUm dia depois de Marcelo Rebelo de Sousa ter sido hospitalizado e submetido a uma cirurgia, surge a quest\u00e3o de se h\u00e1 necessidade de, em casos semelhantes, o presidente da Rep\u00fablica ser temporariamente substitu\u00eddo. Henrique Gouveia e Melo&#13;\n<\/p>\n<p><b><br \/>&#13;<br \/>\n\u201cConsidero que se deve cumprir \u00e9 a lei\u201d,<\/b> afirmou o antigo almirante, deixando as melhoras a Marcelo Rebelo de Sousa. <b>\u201c\u00c9 preciso ver se ele [o presidente da Rep\u00fablica] est\u00e1 verdadeiramente impedido de exercer as suas fun\u00e7\u00f5es \u2013 em termos cognitivos, em termos da sua capacidade para decidir e para pensar\u201d.<\/b><\/p>\n<p>Gouveia e Melo aproveitou para dizer que se preocupa com \u201cestes debates, que cada vez debatem quest\u00f5es mais laterais e menos as coisas que interessam para a Presid\u00eancia\u201d.<\/p>\n<p>\u00c0 mesma quest\u00e3o Ant\u00f3nio Filipe respondeu que a \u201cConstitui\u00e7\u00e3o resolve isto\u201d.<br \/>&#13;<br \/>\n<b><br \/>&#13;<br \/>\n\u201cPenso que houve alguma confus\u00e3o sobre a substitui\u00e7\u00e3o tempor\u00e1ria\u201d<\/b>, afirmou o candidato da CDU, explicando que esta substitui\u00e7\u00e3o \u201cprev\u00ea o caso em que o pr\u00f3prio presidente da Rep\u00fablica, <b>sabendo que vai estar incapacitado durante um determinado per\u00edodo (\u2026), requer ao Tribunal Constitucional que seja reconhecida essa incapacidade transit\u00f3ria e que, ent\u00e3o a\u00ed, o presidente da Assembleia da Rep\u00fablica assume como presidente interino\u201d.<\/b><\/p>\n<p>Contudo, segundo Ant\u00f3nio Filipe, noutras situa\u00e7\u00f5es \u201ca quest\u00e3o n\u00e3o se coloca\u201d.<br \/>&#13;<br \/>\nAcordo de paz na Ucr\u00e2nia &#8220;\u00e0 mesa das negocia\u00e7\u00f5es&#8221;<br \/>&#13;<br \/>\nCom o tema da guerra da Ucr\u00e2nia na agenda mundial e as negocia\u00e7\u00f5es para um acordo de paz com a R\u00fassia a decorrer, o candidato comunista, que sempre se manifestou a favor da paz, afirmou n\u00e3o ser \u201cparte das negocia\u00e7\u00f5es\u201d, mas querer um acordo o quanto antes.<\/p>\n<p><b>\u201cN\u00e3o v\u00e3o pedir a minha opini\u00e3o. Quem vai decidir os termos da paz s\u00e3o os ucranianos e os russos, com as media\u00e7\u00f5es que houver com os Estados Unidos. E eu espero \u00e9 que rapidamente cheguem a um acordo que ponha termo \u00e0 guerra na Ucr\u00e2nia. \u00c9 isso que eu quero\u201d<\/b>, esclareceu.<\/p>\n<p>Recordando que anda \u201ca dizer isto h\u00e1 muito tempo\u201d, Ant\u00f3nio Filipe lamenta que j\u00e1 seja \u201cmuito tarde\u201d, porque \u201cmorreu muita gente\u201d e porque \u201cse perderam oportunidades pelo caminho para uma solu\u00e7\u00e3o de paz\u201d.<\/p>\n<p><b>\u201cQuem tem de chegar a acordo s\u00e3o as partes envolvidas. N\u00e3o sou eu\u201d,<\/b> repetiu, acrescentando que o que \u00e9 preciso \u00e9 \u201cuma paz duradoura\u201d e que tem de ser alcan\u00e7ada \u201c\u00e0 mesa das negocia\u00e7\u00f5es\u201d.<br \/>&#13;<br \/>\n&#8220;Futuro do sistema internacional&#8221; amea\u00e7ado<br \/>&#13;<br \/>\n<b>Gouveia e Melo, por seu lado, considerou que \u201cs\u00e3o negocia\u00e7\u00f5es importantes\u201d tanto para a \u201cpaz na Europa\u201d como para \u201co futuro do sistema internacional\u201d.<\/b><\/p>\n<p>Apesar de concordar com o opositor pol\u00edtico de que n\u00e3o \u00e9 com \u201ca nossa capacidade negocial\u201d que se vai chegar a um acordo de paz, considera que \u201c\u00e9 preciso ter uma posi\u00e7\u00e3o\u201d. Gouveia e Melo lembrou ent\u00e3o que Ant\u00f3nio Filipe chegou, no passado, a dizer que Volodymyr Zelensky \u201cera apoiado por fascistas e por neonazis\u201d.<\/p>\n<p><b>\u201cAcho que se enganou em quem \u00e9 que invadiu quem\u201d,<\/b> disse dirigindo-se ao advers\u00e1rio em debate, argumentando que a R\u00fassia ao invadir a Ucr\u00e2nia \u201ccriou um novo sistema (\u2026) internacional, em que as fronteiras podem ser violadas\u201d \u2013 <b>o que considera ter \u201cconsequ\u00eancias terr\u00edveis para o sistema internacional (\u2026) e para a paz na Europa, que nos afeta diretamente a n\u00f3s\u201d.<\/b><\/p>\n<p>Falando diretamente para o candidato da CDU, Gouveia e Melo questionou: <b>\u201ccontinua a acreditar que o Zelensky \u00e9 apoiado por fascistas e neonazis, e que o grande democrata \u00e9 o senhor Putin?\u201d.<\/b><\/p>\n<p>Em resposta, Ant\u00f3nio Filipe garantiu ser quem est\u00e1 mais longe politicamente de Vladimir Putin e, em tom de acusa\u00e7\u00e3o, recordou que n\u00e3o foi quem sugeriu que \u201cos jovens portugueses deviam morrer onde os mandassem morrer\u201d.<\/p>\n<p>Quanto \u00e0s declara\u00e7\u00f5es sobre os apoiantes do l\u00edder ucraniano, o candidato comunista argumenta que \u201cs\u00e3o os factos\u201d. Mas a quest\u00e3o que importa a Ant\u00f3nio Filipe, para a Presid\u00eancia da Rep\u00fablica de Portugal, \u00e9 que \u201carquitetura de paz queremos para a Europa\u201d.<br \/>&#13;<br \/>\n<b><br \/>&#13;<br \/>\n<\/b>&#13;\n<\/p>\n<p>&#13;<br \/>\n<b>&#13;<br \/>\n\u201cEssa arquitetura de paz desfez-se (\u2026) e \u00e9 preciso reconstru\u00ed-la. Agravou-se em 2022, perderam-se oportunidades da paz\u201d<\/b>, continuou. \u201cDigo h\u00e1 muito tempo que, quanto mais cedo houver uma solu\u00e7\u00e3o de paz entre a R\u00fassia e a Ucr\u00e2nia, melhor para a R\u00fassia, melhor para a Ucr\u00e2nia\u201d.&#13;\n<\/p>\n<p>E deixou uma quest\u00e3o no ar: \u201cAqueles que queriam a guerra agora querem a paz? Acho que deviam ter querido a paz h\u00e1 tempo\u201d.<\/p>\n<p>Gouveia e Melo ripostou dizendo que \u201ca paz com capitula\u00e7\u00e3o n\u00e3o \u00e9 uma paz, \u00e9 uma imposi\u00e7\u00e3o da vontade dos outros\u201d. <b>O almirante duvida que haja, no futuro, uma guerra nuclear ou uma \u201cguerra at\u00e9 ao \u00faltimo ucraniano\u201d. Contudo, acredita que pode haver \u201cuma mudan\u00e7a geoestrat\u00e9gica profunda que nos afeta tamb\u00e9m\u201d.<\/b><br \/>&#13;<br \/>\n&#8220;Queremos uma democracia&#8221;<br \/>&#13;<br \/>\nTentando alargar o assunto em debate, o candidato independente acusou o advers\u00e1rio de ter \u201cuma conce\u00e7\u00e3o da sociedade (\u2026) da ditadura do proletariado\u201d e de andar a \u201cdefender o patrim\u00f3nio de Fidel Castro, que foi um ditador\u201d.<\/p>\n<p><b>\u201cN\u00f3s queremos uma democracia. E o senhor est\u00e1 a concorrer para a Presid\u00eancia e para uma Presid\u00eancia democrata\u201d<\/b>, disse Gouveia e Melo a Ant\u00f3nio Filipe.<\/p>\n<p>Continuando o debate com a troca de acusa\u00e7\u00f5es, o candidato comunista afirmou ter tido \u201cmuita honra\u201d em acompanhar Marcelo Rebelo de Sousa a uma visita de Estado a Cuba. <b>E lembrou que Portugal e Cuba mant\u00eam \u201cliga\u00e7\u00f5es diplom\u00e1ticas que nunca se quebraram durante a ditadura\u201d portuguesa.<\/b><\/p>\n<p>\u201cN\u00e3o creio que um presidente da Rep\u00fablica possa referir-se assim a quem teve a import\u00e2ncia que teve Fidel Castro naquele pa\u00eds. (\u2026) Para me atacar, por via do anticomunismo, chegou a esse ponto de p\u00f4r em causa as rela\u00e7\u00f5es hist\u00f3ricas\u201d dos dois pa\u00edses.<\/p>\n<p>E acrescentou que <b>se Gouveia e Melo quer ser candidato a presidente da Rep\u00fablica, \u201ctem de ter uma postura de Estado relativamente \u00e0s rela\u00e7\u00f5es externas do Estado portugu\u00eas\u201d<\/b>.<\/p>\n<p>Apesar de n\u00e3o apoiar a posi\u00e7\u00e3o do almirante &#8211; de que se um pa\u00eds na NATO for atacado as for\u00e7as armadas portuguesas devem ir combater \u2013 Ant\u00f3nio Filipe assumiu que n\u00e3o abandonaria as organiza\u00e7\u00f5es, se fosse presidente da Rep\u00fablica, mas que queria que Portugal tivesse \u201cuma voz pr\u00f3pria\u201d.<\/p>\n<p>\u201cN\u00e3o aceito a ideia de que, pelo facto de pertencermos a uma organiza\u00e7\u00e3o, n\u00e3o podemos ter voz pr\u00f3pria\u201d.&#13;\n<\/p>\n<p>Disc\u00f3rdia sobre a lei laboral<br \/>\nA dias de uma greve geral, o tema da legisla\u00e7\u00e3o laboral foi tamb\u00e9m abordado.<\/p>\n<p><b>Gouveia e Melo defendeu que o &#8220;Governo tem de ter uma atitude mais negocial&#8221; <\/b>e pediu equil\u00edbrio num contrato social que &#8220;n\u00e3o deixe ningu\u00e9m para tr\u00e1s&#8221;. <b>Mas para Ant\u00f3nio Filipe &#8220;n\u00e3o se consegue perceber&#8221; o que o advers\u00e1rio pensa sobre &#8220;coisa nenhuma&#8221;, porque &#8220;diz umas generalidades&#8221;.<\/b><\/p>\n<p>Na nova troca de acusa\u00e7\u00f5es,<b> o almirante assumiu-se como um &#8220;social-democrata antigo&#8221;, que concilia a economia de mercado e os direitos dos trabalhadores e acusou Ant\u00f3nio Filipe de ser defensor de um modelo econ\u00f3mico estatizante &#8220;que j\u00e1 falhou&#8221;.<\/b><\/p>\n<p>Questionados sobre a sua maior preocupa\u00e7\u00e3o no dia da tomada da posse, caso venham a ser eleitos, Gouveia e Melo disse querer &#8220;transformar o pa\u00eds&#8221; e assegurou que n\u00e3o ser\u00e1 uma &#8220;marioneta, nem uma for\u00e7a de bloqueio ao Governo&#8221;, enquanto Ant\u00f3nio Filipe disse querer que &#8220;os portugueses sintam que t\u00eam um Presidente que est\u00e1 do seu lado e conhecem os seus problemas&#8221; e garantiu fazer de tudo para cumprir os direitos consagrados na Constitui\u00e7\u00e3o.&#13;<\/p>\n","protected":false},"excerpt":{"rendered":"&#13; No debate televisivo transmitido pela TVI, o ex-chefe do Estado Maior da Armada e o candidato presidencial&hellip;\n","protected":false},"author":2,"featured_media":173656,"comment_status":"","ping_status":"","sticky":false,"template":"","format":"standard","meta":{"footnotes":""},"categories":[8],"tags":[27,28,15,16,14,25,26,21,22,12,13,19,20,32,23,24,33,420,421,17,18,29,30,31],"class_list":{"0":"post-173655","1":"post","2":"type-post","3":"status-publish","4":"format-standard","5":"has-post-thumbnail","7":"category-principais-noticias","8":"tag-breaking-news","9":"tag-breakingnews","10":"tag-featured-news","11":"tag-featurednews","12":"tag-headlines","13":"tag-latest-news","14":"tag-latestnews","15":"tag-main-news","16":"tag-mainnews","17":"tag-news","18":"tag-noticias","19":"tag-noticias-principais","20":"tag-noticiasprincipais","21":"tag-portugal","22":"tag-principais-noticias","23":"tag-principaisnoticias","24":"tag-pt","25":"tag-rtp","26":"tag-rtp-noticias","27":"tag-top-stories","28":"tag-topstories","29":"tag-ultimas","30":"tag-ultimas-noticias","31":"tag-ultimasnoticias"},"share_on_mastodon":{"url":"https:\/\/pubeurope.com\/@pt\/115652572376554827","error":""},"_links":{"self":[{"href":"https:\/\/www.europesays.com\/pt\/wp-json\/wp\/v2\/posts\/173655","targetHints":{"allow":["GET"]}}],"collection":[{"href":"https:\/\/www.europesays.com\/pt\/wp-json\/wp\/v2\/posts"}],"about":[{"href":"https:\/\/www.europesays.com\/pt\/wp-json\/wp\/v2\/types\/post"}],"author":[{"embeddable":true,"href":"https:\/\/www.europesays.com\/pt\/wp-json\/wp\/v2\/users\/2"}],"replies":[{"embeddable":true,"href":"https:\/\/www.europesays.com\/pt\/wp-json\/wp\/v2\/comments?post=173655"}],"version-history":[{"count":0,"href":"https:\/\/www.europesays.com\/pt\/wp-json\/wp\/v2\/posts\/173655\/revisions"}],"wp:featuredmedia":[{"embeddable":true,"href":"https:\/\/www.europesays.com\/pt\/wp-json\/wp\/v2\/media\/173656"}],"wp:attachment":[{"href":"https:\/\/www.europesays.com\/pt\/wp-json\/wp\/v2\/media?parent=173655"}],"wp:term":[{"taxonomy":"category","embeddable":true,"href":"https:\/\/www.europesays.com\/pt\/wp-json\/wp\/v2\/categories?post=173655"},{"taxonomy":"post_tag","embeddable":true,"href":"https:\/\/www.europesays.com\/pt\/wp-json\/wp\/v2\/tags?post=173655"}],"curies":[{"name":"wp","href":"https:\/\/api.w.org\/{rel}","templated":true}]}}