{"id":173657,"date":"2025-12-02T23:29:10","date_gmt":"2025-12-02T23:29:10","guid":{"rendered":"https:\/\/www.europesays.com\/pt\/173657\/"},"modified":"2025-12-02T23:29:10","modified_gmt":"2025-12-02T23:29:10","slug":"excesso-emitem-importante-comunicado-tivemos-de-tomar-esta-decisao-que-muito-nos-custa","status":"publish","type":"post","link":"https:\/\/www.europesays.com\/pt\/173657\/","title":{"rendered":"Excesso emitem importante comunicado: &#8220;Tivemos de tomar esta decis\u00e3o, que muito nos custa&#8221;"},"content":{"rendered":"<p>Os espet\u00e1culos que os <a href=\"https:\/\/selfie.iol.pt\/famosos\/excesso\/concerto-dos-excesso-adiado-saiba-o-que-aconteceu\/20251015\/68ef797ed34ee0c2fed14582\" target=\"_blank\" rel=\"nofollow noopener\">Excesso<\/a> tinham marcado para 5 e 6 de dezembro (Europarque, em Santa Maria da Feira, e F\u00f3rum Braga, respetivamente) e 10 de janeiro (Centro Cultural de Viana do Castelo) j\u00e1 n\u00e3o v\u00e3o realizar-se.<\/p>\n<p>Numa publica\u00e7\u00e3o realizada no Instagram, a banda lamentou a situa\u00e7\u00e3o, informando que os concertos &#8220;ser\u00e3o cancelados&#8221;. &#8220;Infelizmente, e apesar de termos tentado tudo at\u00e9 ao \u00faltimo momento para que fosse poss\u00edvel a realiza\u00e7\u00e3o das datas, tivemos de tomar esta decis\u00e3o, que a n\u00f3s muito nos custa&#8221;, disseram, esta ter\u00e7a-feira, dia 2, os <a href=\"https:\/\/selfie.iol.pt\/famosos\/excesso\/gonzo-dos-excesso-vai-ser-novamente-pai-veja-a-foto-reveladora\/20250928\/68d93fc4d34e58bc679646f8\" target=\"_blank\" rel=\"nofollow noopener\">Excesso<\/a>.<\/p>\n<p>&#8220;Pedimos desculpa pelo transtorno causado a todos os que j\u00e1 tinham organizado a sua ida aos espet\u00e1culos. Os bilhetes ser\u00e3o reembolsados no ponto de venda onde foram adquiridos&#8221;, prometeu ainda o grupo musical, terminando: &#8220;Agradecemos a compreens\u00e3o e todo o apoio que temos recebido ao longo da tour.&#8221;<\/p>\n<blockquote class=\"instagram-media\" data-instgrm-captioned=\"\" data-instgrm-permalink=\"https:\/\/www.instagram.com\/p\/DRxVEvjDDlL\/?utm_source=ig_embed&amp;utm_campaign=loading\" data-instgrm-version=\"14\" style=\" background:#FFF; border:0; border-radius:3px; box-shadow:0 0 1px 0 rgba(0,0,0,0.5),0 1px 10px 0 rgba(0,0,0,0.15); margin: 1px; max-width:540px; min-width:326px; padding:0; width:99.375%; width:-webkit-calc(100% - 2px); width:calc(100% - 2px);\">\n<\/blockquote>\n<p>\u00a0<\/p>\n<p>                        <script async src=\"\/\/www.instagram.com\/embed.js\"><\/script><\/p>\n","protected":false},"excerpt":{"rendered":"Os espet\u00e1culos que os Excesso tinham marcado para 5 e 6 de dezembro (Europarque, em Santa Maria da&hellip;\n","protected":false},"author":2,"featured_media":173658,"comment_status":"","ping_status":"","sticky":false,"template":"","format":"standard","meta":{"footnotes":""},"categories":[145],"tags":[3582,211,210,1195,28109,114,115,28765,27678,36231,980,1015,619,32,33,1012,162],"class_list":{"0":"post-173657","1":"post","2":"type-post","3":"status-publish","4":"format-standard","5":"has-post-thumbnail","7":"category-celebridades","8":"tag-banda","9":"tag-celebridades","10":"tag-celebrities","11":"tag-concerto","12":"tag-concertos","13":"tag-entertainment","14":"tag-entretenimento","15":"tag-espetaculo","16":"tag-espetaculos","17":"tag-excesso","18":"tag-famosos","19":"tag-instagram","20":"tag-nacional","21":"tag-portugal","22":"tag-pt","23":"tag-selfie","24":"tag-tvi"},"share_on_mastodon":{"url":"https:\/\/pubeurope.com\/@pt\/115652576139553627","error":""},"_links":{"self":[{"href":"https:\/\/www.europesays.com\/pt\/wp-json\/wp\/v2\/posts\/173657","targetHints":{"allow":["GET"]}}],"collection":[{"href":"https:\/\/www.europesays.com\/pt\/wp-json\/wp\/v2\/posts"}],"about":[{"href":"https:\/\/www.europesays.com\/pt\/wp-json\/wp\/v2\/types\/post"}],"author":[{"embeddable":true,"href":"https:\/\/www.europesays.com\/pt\/wp-json\/wp\/v2\/users\/2"}],"replies":[{"embeddable":true,"href":"https:\/\/www.europesays.com\/pt\/wp-json\/wp\/v2\/comments?post=173657"}],"version-history":[{"count":0,"href":"https:\/\/www.europesays.com\/pt\/wp-json\/wp\/v2\/posts\/173657\/revisions"}],"wp:featuredmedia":[{"embeddable":true,"href":"https:\/\/www.europesays.com\/pt\/wp-json\/wp\/v2\/media\/173658"}],"wp:attachment":[{"href":"https:\/\/www.europesays.com\/pt\/wp-json\/wp\/v2\/media?parent=173657"}],"wp:term":[{"taxonomy":"category","embeddable":true,"href":"https:\/\/www.europesays.com\/pt\/wp-json\/wp\/v2\/categories?post=173657"},{"taxonomy":"post_tag","embeddable":true,"href":"https:\/\/www.europesays.com\/pt\/wp-json\/wp\/v2\/tags?post=173657"}],"curies":[{"name":"wp","href":"https:\/\/api.w.org\/{rel}","templated":true}]}}