{"id":173705,"date":"2025-12-03T00:17:18","date_gmt":"2025-12-03T00:17:18","guid":{"rendered":"https:\/\/www.europesays.com\/pt\/173705\/"},"modified":"2025-12-03T00:17:18","modified_gmt":"2025-12-03T00:17:18","slug":"nuno-eiro-interrompe-direto-para-assistir-a-discussao-de-fabio-e-liliana-tvi","status":"publish","type":"post","link":"https:\/\/www.europesays.com\/pt\/173705\/","title":{"rendered":"Nuno Eir\u00f3 interrompe direto para assistir a discuss\u00e3o de F\u00e1bio e Liliana &#8211; TVI"},"content":{"rendered":"<ol>\n<li><a href=\"https:\/\/news.google.com\/rss\/articles\/CBMi0AFBVV95cUxOWW51MmV0YkVyQmlVbmVRWlNzME5VbWRKckQ5U21yaXVkOUx4bkphMFZiOUYweVNQSmpiUXo2VUJzS0pjREpoaWt6eU5YTTdjWDZ4TS1jNkZCMUM5MzVUUzRDeUdncnZDenowVlZoM0xkOXE1VTBpVkpzU0RnX3RDT29TT0txUVpUa2RnUW9PdmJodkp4aTV6akxuMVBIZmpHWDhLQTZMMFhBLU1HQmFvWGdxLWY4N0ZHNldkTzhDZ0RhWkVuQXM0RTVwTHRzaGky?oc=5\" target=\"_blank\" rel=\"nofollow noopener\">Nuno Eir\u00f3 interrompe direto para assistir a discuss\u00e3o de F\u00e1bio e Liliana<\/a>&nbsp;&nbsp;TVI<\/li>\n<li><a href=\"https:\/\/news.google.com\/rss\/articles\/CBMizwFBVV95cUxNNy1UVTNkVVZfa2xHbWhGS2xoUWhzWE9OYVdTaC1neUFKRFc3QzlnV3IyMHlzdk9fSDFCSGlQaGptcGg1eUhEa2lhMk04QWJpOGNLcTFVUFd2NHd6a0h3ZERYOUZwNlQ4S1N2cG9BQkVwZ0Y5S0h6bDdmMlhoTjlSamxVWHFieDA0Rk0wX0tqWFRYcmJETGhyTzNFTFEzRTJLTS1leVFpc1hyakRxaGc3anAyb2dFWHliY2NlNEk2SlJLbXZpMnRwSkh5bld2RUk?oc=5\" target=\"_blank\" rel=\"nofollow noopener\">M\u00e1rcia Soares e Ant\u00f3nio Leal e Silva analisam guerra de egos entre Pedro e Leandro: \u201cTemos dois galos na capoeira\u201d<\/a>&nbsp;&nbsp;Dioguinho<\/li>\n<li><a href=\"https:\/\/news.google.com\/rss\/articles\/CBMipAFBVV95cUxQWk1tUFQzanF4ZlFLM0VMeGYzNkRvLVZCZDk3ZURtdC1yWU5NNVhMMDg3U3lCYUp5Um9SdU1janVSRnk1UlhwdGgyejVYQV9YZXBxTEh4VXdmYWlaV2djZlp6ZVFld2xCaVB2ZkdnY2RKN3U1YXRCRXZDSEFBT2tJVTEySEwwZHl1OXNycmx3R1JWVENUZkNIU2NPX29ZMUVCU1pfNQ?oc=5\" target=\"_blank\" rel=\"nofollow noopener\">Pedro Jorge e Leandro \u201cdesmascaram\u201d estrat\u00e9gia de Dylan: \u201cN\u00e3o vai conseguir aguentar\u2026\u201d<\/a>&nbsp;&nbsp;Hiper Fm<\/li>\n<li><a href=\"https:\/\/news.google.com\/rss\/articles\/CBMi1wFBVV95cUxQRjdwSzMyWm1ScHpLV0d1YWV2OU03dW5ZSjhSYldpeWU5Z1BEMXc3dGNNandWTDBjY1l0UE0zQlBxT3VETXZjazdISXJlWjQ5Y2FsbHltdUs5a2hMVVZqcWtMVHdESkF5d2M5TXlRLWthNzAwYjhKZVRpQ3N6QlJOYUFtd29wVHVOQTVuaUxnb3VvU0JYYWZBNmVlbHlqR09DVXZ2NlFMOU1FUHF0SlZPZmFfTjNFc2NvckVkcXQyT0tqZExybFdrbkJjNmQyQ2Z0N05BbUcwaw?oc=5\" target=\"_blank\" rel=\"nofollow noopener\">Irm\u00e3 de F\u00e1bio reprova atitude do concorrente: \u00abMant\u00e9m-se bastante cego por amor\u00bb<\/a>&nbsp;&nbsp;TVI<\/li>\n<li><a href=\"https:\/\/news.google.com\/rss\/articles\/CBMirAFBVV95cUxNeUdPRWJKemN5VXhraERCNEFNM29lbTBXS1gwNkE0NnB2NkZOQnVicVlueTE1VGgxTWNHNnRVazRPdDV2ZEk5Q0NoOUdRak9LbVJQUlVZenhndTYtd0ZQbWNBTXQ4UEYyeWZKVlFadFo4Sm0zeTE4cU9uM2dpbUlsWlZ4dTNZYzA1dzAtQndpR1JNY2JTdnBPZWs5ZGw5NV9kZzlaeG5aRVlLbVFW?oc=5\" target=\"_blank\" rel=\"nofollow noopener\">Leandro responde a provoca\u00e7\u00e3o de Bruna: \u00abPara a pr\u00f3xima&#8230;\u00bb<\/a>&nbsp;&nbsp;Not\u00edcias de hoje &#8211; IOL<\/li>\n<\/ol>\n","protected":false},"excerpt":{"rendered":"Nuno Eir\u00f3 interrompe direto para assistir a discuss\u00e3o de F\u00e1bio e Liliana&nbsp;&nbsp;TVI M\u00e1rcia Soares e Ant\u00f3nio Leal e&hellip;\n","protected":false},"author":2,"featured_media":173706,"comment_status":"","ping_status":"","sticky":false,"template":"","format":"standard","meta":{"footnotes":""},"categories":[142],"tags":[114,115,19033,19034,32,33,151,19032],"class_list":{"0":"post-173705","1":"post","2":"type-post","3":"status-publish","4":"format-standard","5":"has-post-thumbnail","7":"category-tv","8":"tag-entertainment","9":"tag-entretenimento","10":"tag-galas-em-video","11":"tag-melhores-momentos-casa-dos-segredos","12":"tag-portugal","13":"tag-pt","14":"tag-tv","15":"tag-videos-secret-story-tvi"},"share_on_mastodon":{"url":"https:\/\/pubeurope.com\/@pt\/115652765165363540","error":""},"_links":{"self":[{"href":"https:\/\/www.europesays.com\/pt\/wp-json\/wp\/v2\/posts\/173705","targetHints":{"allow":["GET"]}}],"collection":[{"href":"https:\/\/www.europesays.com\/pt\/wp-json\/wp\/v2\/posts"}],"about":[{"href":"https:\/\/www.europesays.com\/pt\/wp-json\/wp\/v2\/types\/post"}],"author":[{"embeddable":true,"href":"https:\/\/www.europesays.com\/pt\/wp-json\/wp\/v2\/users\/2"}],"replies":[{"embeddable":true,"href":"https:\/\/www.europesays.com\/pt\/wp-json\/wp\/v2\/comments?post=173705"}],"version-history":[{"count":0,"href":"https:\/\/www.europesays.com\/pt\/wp-json\/wp\/v2\/posts\/173705\/revisions"}],"wp:featuredmedia":[{"embeddable":true,"href":"https:\/\/www.europesays.com\/pt\/wp-json\/wp\/v2\/media\/173706"}],"wp:attachment":[{"href":"https:\/\/www.europesays.com\/pt\/wp-json\/wp\/v2\/media?parent=173705"}],"wp:term":[{"taxonomy":"category","embeddable":true,"href":"https:\/\/www.europesays.com\/pt\/wp-json\/wp\/v2\/categories?post=173705"},{"taxonomy":"post_tag","embeddable":true,"href":"https:\/\/www.europesays.com\/pt\/wp-json\/wp\/v2\/tags?post=173705"}],"curies":[{"name":"wp","href":"https:\/\/api.w.org\/{rel}","templated":true}]}}