{"id":173713,"date":"2025-12-03T00:27:15","date_gmt":"2025-12-03T00:27:15","guid":{"rendered":"https:\/\/www.europesays.com\/pt\/173713\/"},"modified":"2025-12-03T00:27:15","modified_gmt":"2025-12-03T00:27:15","slug":"trump-anuncia-ataque-terrestre-a-venezuela-para-breve-observador","status":"publish","type":"post","link":"https:\/\/www.europesays.com\/pt\/173713\/","title":{"rendered":"Trump anuncia ataque terrestre \u00e0 Venezuela para breve \u2013 Observador"},"content":{"rendered":"<p>O Presidente norte-americano confirmou, esta ter\u00e7a-feira, o ataque terrestre a cart\u00e9is de droga na Venezuela. O aviso surge numa altura em que os Estados Unidos da Am\u00e9rica t\u00eam <a href=\"https:\/\/observador.pt\/2025\/10\/17\/estados-unidos-atacam-sexto-navio-perto-da-costa-da-venezuela\/\" target=\"_blank\" rel=\"noopener nofollow\">atingido v\u00e1rias embarca\u00e7\u00f5es venezuelanas que dizem estar envolvidas no tr\u00e1fico de droga<\/a>.<\/p>\n<p>\u201cVamos come\u00e7ar a fazer esses ataques tamb\u00e9m em terra. Ser\u00e1 muito mais f\u00e1cil assim\u201d, garantiu Donald Trump aos jornalistas depois de uma reuni\u00e3o de gabinete, a \u00faltima do ano. \u201cSabemos as rotas que seguem, sabemos tudo sobre eles. Sabemos onde eles vivem, <strong>sabemos onde os maus vivem e vamos come\u00e7ar isso muito em breve<\/strong>\u201c, sublinhou.<\/p>\n<p>Donald Trump admitiu que a Venezuela poder\u00e1 n\u00e3o ser o \u00fanico pa\u00eds afetado e que os EUA poder\u00e3o atingir outros estados que produzam droga, referindo-se concretamente \u00e0 Col\u00f4mbia. \u201cQualquer pessoa que fa\u00e7a isso e venda ao nosso pa\u00eds est\u00e1 sujeita a um ataque\u201d, avisou. \u201cN\u00e3o s\u00f3 a Venezuela, a Venezuela tem sido muito m\u00e1\u201d, afirmou.<\/p>\n<p>O l\u00edder norte-americano tamb\u00e9m se pronunciou durante a reuni\u00e3o sobre o <a href=\"https:\/\/www.bbc.com\/news\/articles\/c0r95q9kv1go\" target=\"_blank\" rel=\"noopener nofollow\">ataque em setembro a uma alegada embarca\u00e7\u00e3o venezuelana que transportava droga nas Cara\u00edbas<\/a>. Segundo a imprensa, duas pessoas que seguiam no barco sobreviveram ao primeiro disparo, mas acabaram por morrer no segundo. A Casa Branca garantiu que o ataque foi autorizado, mas que n\u00e3o deu ordem para \u201cmatar todos\u201d os tripulantes.<\/p>\n<p>Na reuni\u00e3o Donald Trump garantiu que nem ele nem o secret\u00e1rio da Defesa sabiam do segundo disparo. <strong>\u201cEu n\u00e3o sabia do segundo ataque\u201d<\/strong>, sublinhou o Chefe de Estado. O chefe de Estado defendeu que cada ofensiva contra o tr\u00e1fico de droga tem permitido salvar centenas de milhares de vidas.<\/p>\n<p>Pete Hegseth corroborou as palavras de Trump, afirmando que viu em direto o primeiro golpe e que seguiu depois disso para a \u201creuni\u00e3o seguinte\u201d. Hegseth acrescentou que \u201cn\u00e3o viu pessoalmente sobreviventes\u201d, mas que apoiava a decis\u00e3o do almirante Frank M. \u201cMitch\u201d Bradley. Ter\u00e1 sido, segundo a Casa Branca, este respons\u00e1vel do Comando de Opera\u00e7\u00f5es Especiais dos EUA, a ordenar o segundo disparo.<\/p>\n","protected":false},"excerpt":{"rendered":"O Presidente norte-americano confirmou, esta ter\u00e7a-feira, o ataque terrestre a cart\u00e9is de droga na Venezuela. O aviso surge&hellip;\n","protected":false},"author":2,"featured_media":173714,"comment_status":"","ping_status":"","sticky":false,"template":"","format":"standard","meta":{"footnotes":""},"categories":[8],"tags":[624,27,28,623,15,16,14,25,26,21,22,62,12,13,19,20,32,4497,23,24,33,17,18,29,30,31,3023],"class_list":{"0":"post-173713","1":"post","2":"type-post","3":"status-publish","4":"format-standard","5":"has-post-thumbnail","7":"category-principais-noticias","8":"tag-amu00e9rica","9":"tag-breaking-news","10":"tag-breakingnews","11":"tag-estados-unidos-da-amu00e9rica","12":"tag-featured-news","13":"tag-featurednews","14":"tag-headlines","15":"tag-latest-news","16":"tag-latestnews","17":"tag-main-news","18":"tag-mainnews","19":"tag-mundo","20":"tag-news","21":"tag-noticias","22":"tag-noticias-principais","23":"tag-noticiasprincipais","24":"tag-portugal","25":"tag-presidente-trump","26":"tag-principais-noticias","27":"tag-principaisnoticias","28":"tag-pt","29":"tag-top-stories","30":"tag-topstories","31":"tag-ultimas","32":"tag-ultimas-noticias","33":"tag-ultimasnoticias","34":"tag-venezuela"},"share_on_mastodon":{"url":"https:\/\/pubeurope.com\/@pt\/115652804429221549","error":""},"_links":{"self":[{"href":"https:\/\/www.europesays.com\/pt\/wp-json\/wp\/v2\/posts\/173713","targetHints":{"allow":["GET"]}}],"collection":[{"href":"https:\/\/www.europesays.com\/pt\/wp-json\/wp\/v2\/posts"}],"about":[{"href":"https:\/\/www.europesays.com\/pt\/wp-json\/wp\/v2\/types\/post"}],"author":[{"embeddable":true,"href":"https:\/\/www.europesays.com\/pt\/wp-json\/wp\/v2\/users\/2"}],"replies":[{"embeddable":true,"href":"https:\/\/www.europesays.com\/pt\/wp-json\/wp\/v2\/comments?post=173713"}],"version-history":[{"count":0,"href":"https:\/\/www.europesays.com\/pt\/wp-json\/wp\/v2\/posts\/173713\/revisions"}],"wp:featuredmedia":[{"embeddable":true,"href":"https:\/\/www.europesays.com\/pt\/wp-json\/wp\/v2\/media\/173714"}],"wp:attachment":[{"href":"https:\/\/www.europesays.com\/pt\/wp-json\/wp\/v2\/media?parent=173713"}],"wp:term":[{"taxonomy":"category","embeddable":true,"href":"https:\/\/www.europesays.com\/pt\/wp-json\/wp\/v2\/categories?post=173713"},{"taxonomy":"post_tag","embeddable":true,"href":"https:\/\/www.europesays.com\/pt\/wp-json\/wp\/v2\/tags?post=173713"}],"curies":[{"name":"wp","href":"https:\/\/api.w.org\/{rel}","templated":true}]}}