{"id":173719,"date":"2025-12-03T00:32:16","date_gmt":"2025-12-03T00:32:16","guid":{"rendered":"https:\/\/www.europesays.com\/pt\/173719\/"},"modified":"2025-12-03T00:32:16","modified_gmt":"2025-12-03T00:32:16","slug":"giacomo-voli-fala-sobre-rhapsody-of-fire-no-brasil-futuro-e-fabio-lione","status":"publish","type":"post","link":"https:\/\/www.europesays.com\/pt\/173719\/","title":{"rendered":"Giacomo Voli fala sobre Rhapsody of Fire no Brasil, futuro e Fabio Lione"},"content":{"rendered":"\n<p>O uso do nome \u201c<strong>Rhapsody<\/strong>\u201d gera confus\u00e3o h\u00e1 tempos. Acompanhe a linha do tempo:<\/p>\n<ul class=\"wp-block-list\">\n<li>Em 2006, a banda italiana que havia se consagrado no segmento power metal ainda no fim do s\u00e9culo 20 mudou seu nome para <strong><a href=\"https:\/\/igormiranda.com.br\/tag\/rhapsody-of-fire\/\" target=\"_blank\" rel=\"noreferrer noopener nofollow\">Rhapsody of Fire<\/a><\/strong>;<\/li>\n<li>Com a sa\u00edda do guitarrista Luca Turilli em 2011, surgiu, inicialmente, o <strong>Luca Turilli\u2019s Rhapsody<\/strong>;<\/li>\n<li>Passada meia d\u00e9cada, ap\u00f3s o rompimento com o vocalista <strong>Fabio Lione<\/strong>, nasceu o <strong>Turilli\/Lione Rhapsody<\/strong>, mas que de in\u00edcio se chamava somente\u2026 Rhapsody;<\/li>\n<li>Mais recentemente, Luca e Fabio montaram o <strong>Rhapsody with Choir and Orchestra<\/strong>, que, como o nome indica, executa can\u00e7\u00f5es do grupo junto de orquestra;<\/li>\n<li>Em meio a tudo isso, o Rhapsody of Fire seguiu em atividade, tendo apenas o tecladista <strong>Alex Staropoli<\/strong> como fundador remanescente.<\/li>\n<\/ul>\n<p>Quem vem ao Brasil neste fim de ano \u00e9 o Rhapsody of Fire, para shows em <a href=\"https:\/\/www.clubedoingresso.com\/evento\/rhapsodyoffire-25yearsofdawnofvictorytour\" target=\"_blank\" rel=\"noreferrer noopener nofollow\">S\u00e3o Paulo<\/a> (Carioca Club \u2013 14\/12) e <a href=\"https:\/\/www.sympla.com.br\/evento\/rhapsody-of-fire-em-brasilia\/3015370\" target=\"_blank\" rel=\"noreferrer noopener nofollow\">Bras\u00edlia<\/a> (World Bras\u00edlia \u2013 16\/12). Al\u00e9m de Staropoli, a forma\u00e7\u00e3o atual conta com <strong>Roberto De Micheli<\/strong> na guitarra, <strong>Alessandro Sala<\/strong> no baixo, <strong>Paolo Marchesich<\/strong> na bateria e <strong>Giacomo Voli<\/strong> nos vocais.<\/p>\n<p>&#8211; Advertisement &#8211;<\/p>\n<p>Em entrevista ao site <strong><a href=\"https:\/\/igormiranda.com.br\/\" target=\"_blank\" rel=\"noreferrer noopener nofollow\">IgorMiranda.com.br<\/a><\/strong>, Giacomo \u2014 que integra a banda deste 2016, mas estreou no Brasil somente no ano passado \u2014 abordou temas diversas. Adiantou o que podemos esperar das apresenta\u00e7\u00f5es no pa\u00eds, projetou o futuro do grupo e at\u00e9 respondeu a uma declara\u00e7\u00e3o cr\u00edtica de Lione a respeito de como, em sua vis\u00e3o, seu estilo n\u00e3o se encaixa \u00e0 proposta musical.<\/p>\n<p>Em rela\u00e7\u00e3o \u00e0s datas marcadas no Brasil, Voli demonstrou empolga\u00e7\u00e3o por seu retorno. Apesar da promessa de celebrar o 25\u00ba anivers\u00e1rio do \u00e1lbum <strong>\u201cDawn of Victory\u201d<\/strong> \u2014 com destaques como a faixa-t\u00edtulo, <strong>\u201cTriumph for My Magic Steel\u201d<\/strong> e <strong>\u201cHoly Thunderforce\u201d<\/strong> \u2014, a execu\u00e7\u00e3o n\u00e3o ser\u00e1 na \u00edntegra. O repert\u00f3rio contemplar\u00e1 outras can\u00e7\u00f5es, das cl\u00e1ssicas \u00e0s atuais.<\/p>\n<p>\u201cNesse momento, tocar um \u00e1lbum inteiro, mesmo que como celebra\u00e7\u00e3o, seria imposs\u00edvel. Tomaria tempo demais do setlist. Temos cerca de 1h40 de show, ent\u00e3o tocaremos mais ou menos seis m\u00fasicas desse disco, o que j\u00e1 \u00e9 uma boa parte de todo o repert\u00f3rio. Fizemos isso algumas vezes na Europa e em outros lugares e foi muito legal. Tamb\u00e9m tocaremos muitos cl\u00e1ssicos, pois respeitamos e celebramos muito o passado. N\u00e3o queremos trair o que os f\u00e3s esperam desse nome, que tem um grande passado. Mas tamb\u00e9m tocaremos sons mais recentes. Temos muito orgulho do que fazemos agora. Fico muito feliz de ver as pessoas cantando junto <strong>\u2018I\u2019ll Be Your Hero\u2019<\/strong> ou <strong>\u2018Rain of Fury\u2019<\/strong>.\u201d<\/p>\n<p>Giacomo garante ter se sentido acolhido durante a visita anterior ao Brasil, que contou com data \u00fanica em S\u00e3o Paulo (no mesmo Carioca Club, em maio). \u201cEspero que estejamos ainda melhores agora\u201d, complementa.<\/p>\n<p> Futuro do Rhapsody of Fire <\/p>\n<p>Com seu \u00e1lbum mais recente, <strong>\u201cChallenge the Wind\u201d<\/strong> (2024), o Rhapsody of Fire pretendia fechar o ciclo da saga <strong>\u201cThe Nephilim Empire\u201d<\/strong> enquanto uma trilogia, iniciada por <strong>\u201cThe Eighth Mountain\u201d<\/strong> (2019) e complementada tamb\u00e9m por <strong>\u201cGlory for Salvation\u201d<\/strong> (2021). Entretanto, ao que tudo indica, os planos mudaram.<\/p>\n<p>Os italianos j\u00e1 t\u00eam ideias para novas hist\u00f3rias e at\u00e9 spin-offs dentro desse universo que criaram. Voli comenta:<\/p>\n<p>\u201cEst\u00e1vamos prometendo fazer tr\u00eas partes da saga \u2018The Nephilim Empire\u2019, mas estamos pensando em fazer mais, pois h\u00e1 formas de contar sobre personagens secund\u00e1rios, ou de ir um pouco para frente e at\u00e9 para tr\u00e1s na hist\u00f3ria. Temos muitas ideias de como continuar isso para uns dois \u00e1lbuns ainda nesse tema. Estamos realmente gostando de estar dentro dessa hist\u00f3ria.\u201d<\/p>\n<p> Resposta \u00e0s declara\u00e7\u00f5es de Fabio Lione <\/p>\n<p>Em recente entrevista \u00e0 Roadie Crew, o antecessor de Giacomo Voli no Rhapsody of Fire, Fabio Lione, <a href=\"https:\/\/igormiranda.com.br\/2025\/10\/fabio-lione-critica-giacomo-voli-rhapsody-of-fire\/\" target=\"_blank\" rel=\"noreferrer noopener nofollow\">teceu cr\u00edticas veladas a seu sucessor<\/a>. Na ocasi\u00e3o, Lione \u2014 tamb\u00e9m not\u00f3rio pela parceria rec\u00e9m-encerrada com o <strong>Angra<\/strong> \u2014 definiu Voli como \u201ctecnicamente muito bom\u201d, mas \u201cn\u00e3o \u00e9 o que precisa\u201d. Ele destacou que m\u00fasicas como <strong>\u201cLamento Eroico\u201d<\/strong> \u201cnunca foram executadas por nenhuma outra encarna\u00e7\u00e3o\u201d da banda e exemplificou: \u201cse colocar o <strong>Steven Tyler<\/strong> no <strong>Manowar<\/strong>, ou <strong>Eric Adams<\/strong> no <strong>Aerosmith<\/strong>, n\u00e3o d\u00e1 certo\u201d.<\/p>\n<p>Em pergunta a respeito dos coment\u00e1rios, Giacomo deu a entender que n\u00e3o se importa muito. Entretanto, respondeu com certa acidez. Inicialmente, declarou:<\/p>\n<p>\u201cN\u00e3o respondi a isso at\u00e9 agora pois n\u00e3o tenho interesse nessa forma de tratar pessoas, de falar m*rda delas. N\u00e3o quero me rebaixar a esse n\u00edvel, pois n\u00e3o me importo. N\u00e3o sei bem o que dizer, mas o que tenho a dizer \u2014 n\u00e3o exatamente respondendo a isso \u2014 \u00e9: se algum dia eu n\u00e3o puder mais cantar, eu teria muito prazer em dizer para algum dos meus amigos: \u2018Por favor, pegue meu lugar! Por favor, fa\u00e7a o que eu n\u00e3o posso mais fazer, pois estou com problemas\u2019.\u201d<\/p>\n<p>Na sequ\u00eancia, complementou, destacando que existem outros cantores \u00f3timos no mundo todo:<\/p>\n<p>\u201cRespeito todo mundo, tem muitos vocalistas fazendo grandes trabalhos. Posso citar alguns, como <strong>Roberto Tiranti<\/strong> (ex-<strong>Labyrinth<\/strong>), v\u00e1rios que tive o prazer de conhecer ao longo de vida. Esse \u00e9 o meu jeito de ver outros m\u00fasicos. Se houver respeito \u00e0 m\u00fasica, eu ficaria muito feliz em falar: \u2018Venha! Pois eu n\u00e3o posso mais\u2019. \u00c9 meu jeito de viver a m\u00fasica e a vida. De outra forma, tudo se torna t\u00e3o ego\u00edsta. Sei o que posso fazer, o que consigo compor e cantar, sei quais s\u00e3o meus pontos altos, mas sei que h\u00e1 outros \u00f3timos cantores com suas pr\u00f3prias vozes e personalidades \u2014 e eu respeito demais isso.\u201d<\/p>\n<p>Raro nome do metal abertamente n\u00e3o heterossexual, Giacomo Voli se apresenta publicamente nas redes como pansexual (orienta\u00e7\u00e3o sexual onde a pessoa se sente atra\u00edda por outras pessoas independentemente do seu g\u00eanero ou identidade de g\u00eanero) e com identidade n\u00e3o bin\u00e1ria (n\u00e3o se identificando com g\u00eanero masculina ou feminina). Ao abordar o tema, diz que sempre foi muito bem aceito dentro do meio da m\u00fasica pesada, embora \u201cuma ou outra\u201d pessoa j\u00e1 tenha comentado coisas ruins sobre ele por esse motivo.<\/p>\n<p>\u201cNunca vi isso como algo que limitou minha carreira. H\u00e1 sempre uma ou outra pessoa por a\u00ed que fala m*rda, mas sinto apenas pena delas, pois simplesmente isso \u00e9 a realidade. Se uma pessoa entre dez n\u00e3o \u00e9 heterossexual, n\u00e3o consigo entender por que isso seria um problema, pois \u00e9 apenas ci\u00eancia, e ci\u00eancia existe de qualquer forma. Eu n\u00e3o escolhi ser assim, uma pessoa pansexual, ou bissexual, ou como quiser chamar.\u201d<\/p>\n<p>Voli ainda mencionou artistas grandiosos que n\u00e3o s\u00e3o heterossexuais, a exemplo de Freddie Mercury, George Michael e Elton John. No fim das contas, isso nada tem a ver com sua performance vocal.<\/p>\n<p>\u201cN\u00e3o diz nada sobre quem sou cantando ou compondo. Apenas pense em Freddie Mercury, que era abertamente gay [nota: Freddie era bissexual] e tamb\u00e9m pense em sua m\u00fasica preferida ser do <strong>Elton John<\/strong>! O mundo inteiro curtindo e cantando essa m\u00fasica, mas talvez essa can\u00e7\u00e3o foi dedicada a um homem. Ou ent\u00e3o, quando todos cantam <strong>\u2018Careless Whisper\u2019<\/strong> por a\u00ed. \u00c9 algo t\u00e3o bonito que n\u00e3o importa se foi composta para um homem, ou uma mulher. \u00c9 isso que mais amo na m\u00fasica. Muitos cantores que todos amamos s\u00e3o abertamente LGBT+, e isso n\u00e3o quer dizer nada. Eu me importo com a m\u00fasica.\u201d<\/p>\n<p><strong>*O Rhapsody of Fire vem ao Brasil para shows em <a href=\"https:\/\/www.clubedoingresso.com\/evento\/rhapsodyoffire-25yearsofdawnofvictorytour\" target=\"_blank\" rel=\"noreferrer noopener nofollow\">S\u00e3o Paulo<\/a> (Carioca Club \u2013 14\/12) e <a href=\"https:\/\/www.sympla.com.br\/evento\/rhapsody-of-fire-em-brasilia\/3015370\" target=\"_blank\" rel=\"noreferrer noopener nofollow\">Bras\u00edlia<\/a> (World Bras\u00edlia \u2013 16\/12). Clique no nome de cada cidade para compra de ingressos.<\/strong><\/p>\n<p><strong>Clique<\/strong> para seguir IgorMiranda.com.br no: <a href=\"https:\/\/instagram.com\/igormirandasite\" target=\"_blank\" rel=\"noreferrer noopener nofollow\">Instagram<\/a> | <a href=\"https:\/\/bsky.app\/profile\/igormirandasite.bsky.social\" target=\"_blank\" rel=\"noreferrer noopener nofollow\">Bluesky<\/a> | <a href=\"https:\/\/twitter.com\/igormirandasite\" target=\"_blank\" rel=\"noreferrer noopener nofollow\">Twitter<\/a> | <a href=\"https:\/\/tiktok.com\/@igormirandasite\" target=\"_blank\" rel=\"noreferrer noopener nofollow\">TikTok<\/a> | <a href=\"https:\/\/facebook.com\/igormirandasite\" target=\"_blank\" rel=\"noreferrer noopener nofollow\">Facebook<\/a> | <a href=\"https:\/\/www.youtube.com\/igormirandasite\" target=\"_blank\" rel=\"noreferrer noopener nofollow\">YouTube<\/a> | <a href=\"https:\/\/www.threads.net\/@igormirandasite\" target=\"_blank\" rel=\"noreferrer noopener nofollow\">Threads<\/a>.<\/p>\n<p> <script async src=\"https:\/\/platform.twitter.com\/widgets.js\" charset=\"utf-8\"><\/script><script async src=\"\/\/www.instagram.com\/embed.js\"><\/script><script async src=\"\/\/www.tiktok.com\/embed.js\"><\/script><\/p>\n","protected":false},"excerpt":{"rendered":"O uso do nome \u201cRhapsody\u201d gera confus\u00e3o h\u00e1 tempos. Acompanhe a linha do tempo: Em 2006, a banda&hellip;\n","protected":false},"author":2,"featured_media":173720,"comment_status":"","ping_status":"","sticky":false,"template":"","format":"standard","meta":{"footnotes":""},"categories":[141],"tags":[114,115,16455,36236,149,150,32,33,19872],"class_list":{"0":"post-173719","1":"post","2":"type-post","3":"status-publish","4":"format-standard","5":"has-post-thumbnail","7":"category-musica","8":"tag-entertainment","9":"tag-entretenimento","10":"tag-fabio-lione","11":"tag-giacomo-voli","12":"tag-music","13":"tag-musica","14":"tag-portugal","15":"tag-pt","16":"tag-rhapsody-of-fire"},"share_on_mastodon":{"url":"https:\/\/pubeurope.com\/@pt\/115652823819717335","error":""},"_links":{"self":[{"href":"https:\/\/www.europesays.com\/pt\/wp-json\/wp\/v2\/posts\/173719","targetHints":{"allow":["GET"]}}],"collection":[{"href":"https:\/\/www.europesays.com\/pt\/wp-json\/wp\/v2\/posts"}],"about":[{"href":"https:\/\/www.europesays.com\/pt\/wp-json\/wp\/v2\/types\/post"}],"author":[{"embeddable":true,"href":"https:\/\/www.europesays.com\/pt\/wp-json\/wp\/v2\/users\/2"}],"replies":[{"embeddable":true,"href":"https:\/\/www.europesays.com\/pt\/wp-json\/wp\/v2\/comments?post=173719"}],"version-history":[{"count":0,"href":"https:\/\/www.europesays.com\/pt\/wp-json\/wp\/v2\/posts\/173719\/revisions"}],"wp:featuredmedia":[{"embeddable":true,"href":"https:\/\/www.europesays.com\/pt\/wp-json\/wp\/v2\/media\/173720"}],"wp:attachment":[{"href":"https:\/\/www.europesays.com\/pt\/wp-json\/wp\/v2\/media?parent=173719"}],"wp:term":[{"taxonomy":"category","embeddable":true,"href":"https:\/\/www.europesays.com\/pt\/wp-json\/wp\/v2\/categories?post=173719"},{"taxonomy":"post_tag","embeddable":true,"href":"https:\/\/www.europesays.com\/pt\/wp-json\/wp\/v2\/tags?post=173719"}],"curies":[{"name":"wp","href":"https:\/\/api.w.org\/{rel}","templated":true}]}}