{"id":173723,"date":"2025-12-03T00:39:18","date_gmt":"2025-12-03T00:39:18","guid":{"rendered":"https:\/\/www.europesays.com\/pt\/173723\/"},"modified":"2025-12-03T00:39:18","modified_gmt":"2025-12-03T00:39:18","slug":"trump-aposta-nas-honduras-de-olhos-postos-na-venezuela-observador","status":"publish","type":"post","link":"https:\/\/www.europesays.com\/pt\/173723\/","title":{"rendered":"Trump aposta nas Honduras de olhos postos na Venezuela \u2013 Observador"},"content":{"rendered":"<p>A isto soma-se a leitura de Maduro de que a amea\u00e7a de uma incurs\u00e3o terrestre n\u00e3o passa de um \u201cbluff\u201c, dada a promessa eleitoral de Trump de n\u00e3o envolver os Estados Unidos em conflitos armados. Apesar da press\u00e3o dentro da sua administra\u00e7\u00e3o, a opini\u00e3o p\u00fablica pode servir de trav\u00e3o a um novo escalar da a\u00e7\u00e3o contra o regime chavista. O analista Stephen Collinson destaca ainda outro fator que pode refrear a vontade de Washington de atacar diretamente a Venezuela: a <a href=\"https:\/\/observador.pt\/2025\/11\/30\/senador-republicano-promete-investigacao-a-ataque-dos-eua-nas-caraibas\/\" rel=\"nofollow noopener\" target=\"_blank\">resposta dom\u00e9stica<\/a> e internacional aos ataques a lanchas no mar das Cara\u00edbas e no Pac\u00edfico Oriental. Em particular, o primeiro ataque, no dia 2 de setembro, durante o qual, ter\u00e1 sido ordenado um segundo ataque, que matou dois sobreviventes, segundo avan\u00e7ou o <a href=\"https:\/\/www.washingtonpost.com\/national-security\/2025\/11\/28\/hegseth-kill-them-all-survivors-boat-strike\/\" rel=\"nofollow noopener\" target=\"_blank\">Washington Post<\/a> na semana passada.<\/p>\n<p>O segundo ataque ter\u00e1 sido realizado segundo uma <strong>ordem direta do secret\u00e1rio da Defesa, Pete Hegseth, para \u201cmatar toda a gente\u201d<\/strong>, avan\u00e7aram fontes com conhecimento da opera\u00e7\u00e3o. A confirmar-se, o ataque constituiu um crime de guerra, condenado pelo Direito Internacional Humanit\u00e1rio. As acusa\u00e7\u00f5es e as cr\u00edticas t\u00eam pairado sobre o Pent\u00e1gono e, consequentemente, sobre a Casa Branca, o que pode contribuir para fragilizar a estrat\u00e9gia de Trump para fazer frente a Maduro.<\/p>\n<p>Nasry \u201cTito\u201d Asfura, o candidato presidencial hondurenho apoiado por Donald Trump, lidera o Partido Nacional das Honduras (PNH). Herdou o cargo em 2022, depois de o antigo Presidente, Juan Orlando Hern\u00e1ndez, ter sido extraditado para os Estados Unidos, onde foi condenado por tr\u00e1fico de droga e lavagem de dinheiro. Por <a href=\"https:\/\/www.justice.gov\/archives\/opa\/pr\/juan-orlando-hern%C3%A1ndez-former-president-honduras-indicted-drug-trafficking#:~:text=As%20alleged%2C%20in,of%20the%20gringos.%E2%80%9D\" rel=\"nofollow noopener\" target=\"_blank\">volta de 2013 ou 2014<\/a>, o ent\u00e3o Presidente hondurenho ter\u00e1 trabalhado com gangues nacionais para \u201c<strong>enfiar drogas pelo nariz acima dos gringos<\/strong>\u201c, como ter\u00e1 dito o pr\u00f3prio, utilizando a express\u00e3o depreciativa utilizada pelos latino-americanos, para se referirem aos habitantes dos Estados Unidos.<\/p>\n<p>Passada uma d\u00e9cada dessas declara\u00e7\u00f5es, JOH saiu esta ter\u00e7a-feira em liberdade. \u201cDe acordo com muitas pessoas que eu respeito imenso, [ele] foi tratado de forma muito dura e injusta\u201d, justificou o Presidente norte-americano na semana passada, quando anunciou o perd\u00e3o. Na mesma publica\u00e7\u00e3o, apoiava Asfura para Presidente. Asfura agradeceu o apoio, mas, apesar da filia\u00e7\u00e3o partid\u00e1ria, procurou manter alguma dist\u00e2ncia do seu antecessor. Isto porque o legado de JOH dentro das Honduras n\u00e3o \u00e9 un\u00e2nime.<\/p>\n<p>Algumas pessoas lembram os seus mandatos presidenciais consecutivos como uma altura em que a vida \u201cera melhor\u201d. \u201cEle dava casas, um cabaz de bens essenciais era mais barato, a gasolina [tamb\u00e9m]\u201d, elaborou Jair \u00c1vila, ao Politico que, aos 20 anos, votou pela primeira vez: escolheu Asfura pelas boas lembran\u00e7as que tem do seu antecessor. No entanto, apesar da perce\u00e7\u00e3o de alguns hondurenhos, a governa\u00e7\u00e3o de JOH tamb\u00e9m foi marcada por \u201cdez anos de autoritarismo e representa, para uma grande parte da popula\u00e7\u00e3o, <strong>viol\u00eancia, repress\u00e3o, controlo das institui\u00e7\u00f5es, tr\u00e1fico de droga e a impunidade das for\u00e7as de seguran\u00e7a estatais<\/strong>\u201c, recordou Joaquin Meija, advogado hondurenho e ativista ouvido pelo <a href=\"https:\/\/www.lemonde.fr\/international\/article\/2025\/12\/01\/l-ingerence-de-trump-dans-la-campagne-electorale-au-honduras-revele-ses-contradictions-en-matiere-de-lutte-contre-le-narcotrafic_6655531_3210.html\" rel=\"nofollow noopener\" target=\"_blank\">Le Monde<\/a>. A lideran\u00e7a prolongada de Hern\u00e1ndez s\u00f3 foi poss\u00edvel devido a uma viola\u00e7\u00e3o do texto constitucional, que apenas permite um mandato.<\/p>\n","protected":false},"excerpt":{"rendered":"A isto soma-se a leitura de Maduro de que a amea\u00e7a de uma incurs\u00e3o terrestre n\u00e3o passa de&hellip;\n","protected":false},"author":2,"featured_media":173724,"comment_status":"","ping_status":"","sticky":false,"template":"","format":"standard","meta":{"footnotes":""},"categories":[50],"tags":[624,27,28,92,1077,623,15,16,14,25,26,21,22,62,12,11336,13,19,20,302,23,24,17,18,29,30,31,3023,63,64,65],"class_list":{"0":"post-173723","1":"post","2":"type-post","3":"status-publish","4":"format-standard","5":"has-post-thumbnail","7":"category-mundo","8":"tag-amu00e9rica","9":"tag-breaking-news","10":"tag-breakingnews","11":"tag-donald-trump","12":"tag-eleiu00e7u00f5es","13":"tag-estados-unidos-da-amu00e9rica","14":"tag-featured-news","15":"tag-featurednews","16":"tag-headlines","17":"tag-latest-news","18":"tag-latestnews","19":"tag-main-news","20":"tag-mainnews","21":"tag-mundo","22":"tag-news","23":"tag-nicolu00e1s-maduro","24":"tag-noticias","25":"tag-noticias-principais","26":"tag-noticiasprincipais","27":"tag-polu00edtica","28":"tag-principais-noticias","29":"tag-principaisnoticias","30":"tag-top-stories","31":"tag-topstories","32":"tag-ultimas","33":"tag-ultimas-noticias","34":"tag-ultimasnoticias","35":"tag-venezuela","36":"tag-world","37":"tag-world-news","38":"tag-worldnews"},"share_on_mastodon":{"url":"","error":"Validation failed: Text character limit of 500 exceeded"},"_links":{"self":[{"href":"https:\/\/www.europesays.com\/pt\/wp-json\/wp\/v2\/posts\/173723","targetHints":{"allow":["GET"]}}],"collection":[{"href":"https:\/\/www.europesays.com\/pt\/wp-json\/wp\/v2\/posts"}],"about":[{"href":"https:\/\/www.europesays.com\/pt\/wp-json\/wp\/v2\/types\/post"}],"author":[{"embeddable":true,"href":"https:\/\/www.europesays.com\/pt\/wp-json\/wp\/v2\/users\/2"}],"replies":[{"embeddable":true,"href":"https:\/\/www.europesays.com\/pt\/wp-json\/wp\/v2\/comments?post=173723"}],"version-history":[{"count":0,"href":"https:\/\/www.europesays.com\/pt\/wp-json\/wp\/v2\/posts\/173723\/revisions"}],"wp:featuredmedia":[{"embeddable":true,"href":"https:\/\/www.europesays.com\/pt\/wp-json\/wp\/v2\/media\/173724"}],"wp:attachment":[{"href":"https:\/\/www.europesays.com\/pt\/wp-json\/wp\/v2\/media?parent=173723"}],"wp:term":[{"taxonomy":"category","embeddable":true,"href":"https:\/\/www.europesays.com\/pt\/wp-json\/wp\/v2\/categories?post=173723"},{"taxonomy":"post_tag","embeddable":true,"href":"https:\/\/www.europesays.com\/pt\/wp-json\/wp\/v2\/tags?post=173723"}],"curies":[{"name":"wp","href":"https:\/\/api.w.org\/{rel}","templated":true}]}}