{"id":173725,"date":"2025-12-03T00:41:14","date_gmt":"2025-12-03T00:41:14","guid":{"rendered":"https:\/\/www.europesays.com\/pt\/173725\/"},"modified":"2025-12-03T00:41:14","modified_gmt":"2025-12-03T00:41:14","slug":"viaturas-retidas-pela-neve-em-castro-daire-comecaram-a-circular","status":"publish","type":"post","link":"https:\/\/www.europesays.com\/pt\/173725\/","title":{"rendered":"Viaturas retidas pela neve em Castro Daire come\u00e7aram a circular"},"content":{"rendered":"<p data-remotead-prev-elm=\"true\" data-remotead-elm-id=\"inread\">A circula\u00e7\u00e3o come\u00e7ou a restabelecer-se de forma condicionada cerca das 22 horas, mais de quatro horas ap\u00f3s o nev\u00e3o, que deixou dezenas de pessoas retidas na estrada por volta das 18.30 horas desta ter\u00e7a-feira.<\/p>\n<p>Segundo uma fonte da GNR, por volta das 20.30 horas, estariam entre 10 a 20 pessoas cercadas pela neve e \u00e0 espera de uma sa\u00edda. Hora e meia depois, contas do adjunto do comando dos Bombeiros de Castro Daire, M\u00e1rcio Ferreira, estavam seis viaturas \u00e0 espera de sa\u00edda, dois cami\u00f5es e quatro ligeiros, totalizando cerca de dez pessoas.<\/p>\n<p><img decoding=\"async\" class=\"ngx-body\" guid=\"e0b8a458-df20-46e1-9940-7482234a99e8\" src=\"https:\/\/www.europesays.com\/pt\/wp-content\/uploads\/2025\/12\/1764722474_932_image.webp\" width=\"100%\"\/><br \/>Foto: Direitos Reservados<\/p>\n<p data-remotead-prev-elm=\"true\" data-remotead-elm-id=\"centro1\">Segundo apurou o JN, um limpa-neves enviado para o local ter\u00e1 ficado retido por um cami\u00e3o, atravessado na estrada devido ao nev\u00e3o. M\u00e1rcio Ferreira confirmou que o equipamento teve dificuldades em chegar ao local, devido aos pesados retidos pela neve.<\/p>\n<p>&#8220;Foi um nev\u00e3o muito intenso e repentino&#8221;, disse o adjunto do comando dos Bombeiros de Castro Daire. &#8220;Ningu\u00e9m estava \u00e0 espera. A previs\u00e3o de queda de neve era para cotas mais elevadas&#8221;, acrescentou.<\/p>\n<p>Foram mobilizados para o local v\u00e1rios meios da GNR de Castro Daire, da Prote\u00e7\u00e3o Civil e dos Bombeiros de Castro Daire.<\/p>\n<p><img decoding=\"async\" class=\"ngx-body\" guid=\"ccb0aaae-5c3e-4a30-9d48-dafe3c15bcc4\" src=\"https:\/\/www.europesays.com\/pt\/wp-content\/uploads\/2025\/12\/1764722474_574_image.webp\" width=\"100%\"\/><br \/>Foto: Direitos Reservados<\/p>\n","protected":false},"excerpt":{"rendered":"A circula\u00e7\u00e3o come\u00e7ou a restabelecer-se de forma condicionada cerca das 22 horas, mais de quatro horas ap\u00f3s o&hellip;\n","protected":false},"author":2,"featured_media":173726,"comment_status":"","ping_status":"","sticky":false,"template":"","format":"standard","meta":{"footnotes":""},"categories":[8],"tags":[27,28,36237,15,16,14,25,26,21,22,11288,12,13,19,20,32,23,24,33,17,18,29,30,31],"class_list":{"0":"post-173725","1":"post","2":"type-post","3":"status-publish","4":"format-standard","5":"has-post-thumbnail","7":"category-principais-noticias","8":"tag-breaking-news","9":"tag-breakingnews","10":"tag-concelho-castro-daire","11":"tag-featured-news","12":"tag-featurednews","13":"tag-headlines","14":"tag-latest-news","15":"tag-latestnews","16":"tag-main-news","17":"tag-mainnews","18":"tag-neve","19":"tag-news","20":"tag-noticias","21":"tag-noticias-principais","22":"tag-noticiasprincipais","23":"tag-portugal","24":"tag-principais-noticias","25":"tag-principaisnoticias","26":"tag-pt","27":"tag-top-stories","28":"tag-topstories","29":"tag-ultimas","30":"tag-ultimas-noticias","31":"tag-ultimasnoticias"},"share_on_mastodon":{"url":"https:\/\/pubeurope.com\/@pt\/115652859611066227","error":""},"_links":{"self":[{"href":"https:\/\/www.europesays.com\/pt\/wp-json\/wp\/v2\/posts\/173725","targetHints":{"allow":["GET"]}}],"collection":[{"href":"https:\/\/www.europesays.com\/pt\/wp-json\/wp\/v2\/posts"}],"about":[{"href":"https:\/\/www.europesays.com\/pt\/wp-json\/wp\/v2\/types\/post"}],"author":[{"embeddable":true,"href":"https:\/\/www.europesays.com\/pt\/wp-json\/wp\/v2\/users\/2"}],"replies":[{"embeddable":true,"href":"https:\/\/www.europesays.com\/pt\/wp-json\/wp\/v2\/comments?post=173725"}],"version-history":[{"count":0,"href":"https:\/\/www.europesays.com\/pt\/wp-json\/wp\/v2\/posts\/173725\/revisions"}],"wp:featuredmedia":[{"embeddable":true,"href":"https:\/\/www.europesays.com\/pt\/wp-json\/wp\/v2\/media\/173726"}],"wp:attachment":[{"href":"https:\/\/www.europesays.com\/pt\/wp-json\/wp\/v2\/media?parent=173725"}],"wp:term":[{"taxonomy":"category","embeddable":true,"href":"https:\/\/www.europesays.com\/pt\/wp-json\/wp\/v2\/categories?post=173725"},{"taxonomy":"post_tag","embeddable":true,"href":"https:\/\/www.europesays.com\/pt\/wp-json\/wp\/v2\/tags?post=173725"}],"curies":[{"name":"wp","href":"https:\/\/api.w.org\/{rel}","templated":true}]}}