{"id":173766,"date":"2025-12-03T01:32:09","date_gmt":"2025-12-03T01:32:09","guid":{"rendered":"https:\/\/www.europesays.com\/pt\/173766\/"},"modified":"2025-12-03T01:32:09","modified_gmt":"2025-12-03T01:32:09","slug":"estrela-de-avatar-zoe-saldana-surpreende-ao-revelar-por-que-os-filhos-ainda-nao-assistiram-a-franquia","status":"publish","type":"post","link":"https:\/\/www.europesays.com\/pt\/173766\/","title":{"rendered":"Estrela de \u201cAvatar\u201d, Zoe Salda\u00f1a surpreende ao revelar por que os filhos ainda n\u00e3o assistiram \u00e0 franquia"},"content":{"rendered":"<p>                                Ler resumo <\/p>\n<p>Zoe Salda\u00f1a participou da premi\u00e8re de Avatar 3, onde explicou por que seus tr\u00eas filhos ainda n\u00e3o assistiram \u00e0 franquia. A atriz comentou a rela\u00e7\u00e3o dos meninos com seu trabalho e citou quais produ\u00e7\u00f5es eles j\u00e1 acompanham.<\/p>\n<p>Nesta segunda-feira (1\u00ba), durante a premi\u00e8re de \u201c<a href=\"https:\/\/hugogloss.uol.com.br\/tag\/avatar\" target=\"_blank\" rel=\"noopener nofollow\">Avatar 3: Fogo e Cinzas<\/a>\u201c, <a href=\"https:\/\/hugogloss.uol.com.br\/tag\/zoe-saldana\" target=\"_blank\" rel=\"noopener nofollow\">Zoe Salda\u00f1a<\/a> surpreendeu ao revelar por que seus tr\u00eas filhos ainda n\u00e3o assistiram a nenhum dos filmes da franquia. Em entrevista ao E! News, a atriz contou que n\u00e3o pretende permitir que os pequenos \u201cvisitem\u201d Pandora t\u00e3o cedo, mas garantiu que tem \u201cum bom motivo\u201d.<\/p>\n<p>Salda\u00f1a \u00e9 m\u00e3e de tr\u00eas meninos com o marido Marco Perego-Salda\u00f1a: os g\u00eameos Cy e Bowie, de 11 anos, e Zen, de 8. Questionada se eles j\u00e1 tiveram a chance de ver seu trabalho como Neytiri, ela revelou que os filhos nunca assistiram a nenhum dos filmes da saga.<\/p>\n<p> <img loading=\"lazy\" decoding=\"async\" class=\"size-large wp-image-1169839 img-fluid lazy\" alt=\"\" width=\"617\" height=\"347\" src=\"https:\/\/www.europesays.com\/pt\/wp-content\/uploads\/2025\/12\/FotoJet-55-617x347.jpg\"  \/>\u201cAvatar 3\u201d chega aos cinemas no dia 19 de dezembro de 2025. (Foto: Divulga\u00e7\u00e3o\/20th Century Studios)             <\/p>\n<p>\u201cQuero que eles possam viver a experi\u00eancia de \u2018Avatar\u2019 quando estiverem realmente prontos. Meus meninos s\u00e3o sens\u00edveis. S\u00e3o flores lindas. Eles s\u00e3o muito mais resilientes do que se imagina, mas fazem tudo no pr\u00f3prio ritmo, e eu respeito isso\u201d, explicou.<\/p>\n<p>A atriz refor\u00e7ou que, embora ainda n\u00e3o estejam na idade ideal para mergulhar no universo criado pelo cineasta <a href=\"https:\/\/hugogloss.uol.com.br\/tag\/james-cameron\" target=\"_blank\" rel=\"noopener nofollow\">James Cameron<\/a>, os filhos t\u00eam outro \u201cv\u00edcio\u201d cinematogr\u00e1fico: \u201cEles s\u00e3o fissurados nos filmes do <a href=\"https:\/\/hugogloss.uol.com.br\/tag\/adam-sandler\" target=\"_blank\" rel=\"noopener nofollow\">Adam Sandler<\/a>, que \u00e0s vezes n\u00e3o s\u00e3o muito apropriados para crian\u00e7as de 11 anos\u201d.<\/p>\n<p> <img loading=\"lazy\" decoding=\"async\" class=\"size-large wp-image-1199727 img-fluid lazy\" alt=\"\" width=\"617\" height=\"411\" src=\"https:\/\/www.europesays.com\/pt\/wp-content\/uploads\/2025\/12\/GettyImages-2200751801-617x411.jpg\"  \/>Zoe Saldana com o marido, Marco Perego, e seus filhos Cy, Zen e Bowie. (Foto: Getty) Continua depois da Publicidade <\/p>\n<p>Por outro lado, eles j\u00e1 puderam acompanhar a m\u00e3e em outros trabalhos: \u201cUm deles j\u00e1 viu um dos filmes de \u2018Guardi\u00f5es da Gal\u00e1xia\u2019. E eles come\u00e7aram a ver os filmes de \u2018Transformers\u2019, porque s\u00e3o totalmente obcecados por Transformers\u201d.<\/p>\n<p>Ainda assim, os pequenos deixaram claro que s\u00f3 pretendem maratonar \u201cAvatar\u201d daqui a algum tempo. \u201cOs mais velhos me disseram: \u2018Daqui a um ano, mam\u00e3e, vamos estar prontos para \u2018Avatar\u2019, prometemos\u2019. E eu fiquei tipo: \u2018T\u00e1 bom&#8217;\u201d, lembrou ela.<\/p>\n<p>                                                                    <a id=\"google-news\" class=\"google-news\" href=\"https:\/\/news.google.com\/publications\/CAAqBwgKMM6ViAswv82GAw?ceid=BR:pt-419&amp;amp;oc=3&amp;amp;hl=pt-BR&amp;amp;gl=BR\" target=\"_blank\" rel=\"nofollow noopener\"><\/p>\n<p>                                            Siga a <strong> Hugo Gloss no Google News<\/strong> e acompanhe nossos destaques<\/p>\n<p>                                    <\/a><\/p>\n","protected":false},"excerpt":{"rendered":"Ler resumo Zoe Salda\u00f1a participou da premi\u00e8re de Avatar 3, onde explicou por que seus tr\u00eas filhos ainda&hellip;\n","protected":false},"author":2,"featured_media":173767,"comment_status":"","ping_status":"","sticky":false,"template":"","format":"standard","meta":{"footnotes":""},"categories":[140],"tags":[114,115,147,148,146,32,33,21838],"class_list":{"0":"post-173766","1":"post","2":"type-post","3":"status-publish","4":"format-standard","5":"has-post-thumbnail","7":"category-filmes","8":"tag-entertainment","9":"tag-entretenimento","10":"tag-film","11":"tag-filmes","12":"tag-movies","13":"tag-portugal","14":"tag-pt","15":"tag-zoe-saldana"},"share_on_mastodon":{"url":"https:\/\/pubeurope.com\/@pt\/115653059994045571","error":""},"_links":{"self":[{"href":"https:\/\/www.europesays.com\/pt\/wp-json\/wp\/v2\/posts\/173766","targetHints":{"allow":["GET"]}}],"collection":[{"href":"https:\/\/www.europesays.com\/pt\/wp-json\/wp\/v2\/posts"}],"about":[{"href":"https:\/\/www.europesays.com\/pt\/wp-json\/wp\/v2\/types\/post"}],"author":[{"embeddable":true,"href":"https:\/\/www.europesays.com\/pt\/wp-json\/wp\/v2\/users\/2"}],"replies":[{"embeddable":true,"href":"https:\/\/www.europesays.com\/pt\/wp-json\/wp\/v2\/comments?post=173766"}],"version-history":[{"count":0,"href":"https:\/\/www.europesays.com\/pt\/wp-json\/wp\/v2\/posts\/173766\/revisions"}],"wp:featuredmedia":[{"embeddable":true,"href":"https:\/\/www.europesays.com\/pt\/wp-json\/wp\/v2\/media\/173767"}],"wp:attachment":[{"href":"https:\/\/www.europesays.com\/pt\/wp-json\/wp\/v2\/media?parent=173766"}],"wp:term":[{"taxonomy":"category","embeddable":true,"href":"https:\/\/www.europesays.com\/pt\/wp-json\/wp\/v2\/categories?post=173766"},{"taxonomy":"post_tag","embeddable":true,"href":"https:\/\/www.europesays.com\/pt\/wp-json\/wp\/v2\/tags?post=173766"}],"curies":[{"name":"wp","href":"https:\/\/api.w.org\/{rel}","templated":true}]}}