{"id":173782,"date":"2025-12-03T01:55:08","date_gmt":"2025-12-03T01:55:08","guid":{"rendered":"https:\/\/www.europesays.com\/pt\/173782\/"},"modified":"2025-12-03T01:55:08","modified_gmt":"2025-12-03T01:55:08","slug":"estrela-da-globo-relembra-romance-com-wagner-moura-me-capturou-para-sempre","status":"publish","type":"post","link":"https:\/\/www.europesays.com\/pt\/173782\/","title":{"rendered":"Estrela da Globo relembra romance com Wagner Moura: &#8216;Me capturou para sempre&#8217;"},"content":{"rendered":"\n<p>A parceria inesperada entre futuros nomes de destaque no Brasil come\u00e7ou nos corredores da Universidade Federal da Bahia, onde Manuela Dias, Wagner Moura e o ex-deputado Jean Wyllys dividiram a mesma turma de Comunica\u00e7\u00e3o Social. Foi ali, como relembrou Manuela em entrevista \u00e0 GQ nesta ter\u00e7a-feira (2), que nasceu um breve romance entre ela e Wagner, um cap\u00edtulo afetivo que n\u00e3o vingou, mas que deixou marcas profundas.<\/p>\n<p>Ao revisitar aquele per\u00edodo, a autora do remake de \u201cVale Tudo\u201d contou ter sido imediatamente capturada pelo magnetismo do colega: \u201cWag \u00e9 um desses amores que levamos para sempre, transmutado. Lembro at\u00e9 hoje da primeira vez que o vi: ele usava uma cal\u00e7a de alfaiataria feita por sua m\u00e3e, Piu Piu, e sapatos de camur\u00e7a de amarrar. Existia algo em seu olhar que me capturou para sempre\u201d.<\/p>\n<p>Segundo ela, o talento de Wagner j\u00e1 era evidente muito antes de se tornar o astro reconhecido que \u00e9 hoje. \u201cQuando o vi em cena pela primeira vez, em uma pe\u00e7a dirigida por Z\u00e9 Possi Neto, tive certeza de que um foguete estava decolando, um vulc\u00e3o entrara em erup\u00e7\u00e3o. Assim foi: o gal\u00e3 de olhos tristes v\u00ea horizontes cada vez mais long\u00ednquos. Ele \u00e9 ator, pensador, escritor, ativista\u2026 Um artista que amplia todos os conceitos\u201d, afirmou, dando cr\u00e9dito \u00e0 for\u00e7a art\u00edstica do ex-namorado.<\/p>\n<p>O destino, no entanto, tomou rumos diferentes. Foi na mesma universidade que Wagner conheceu Sandra Delgado, com quem s\u00f3 engataria um relacionamento anos depois, ao se reencontrarem em 2001. Desde ent\u00e3o, n\u00e3o se separaram mais e constru\u00edram uma fam\u00edlia ao lado dos filhos Bem, de 19 anos, Salvador, de 15, e Jos\u00e9, de 13. Morando nos Estados Unidos h\u00e1 oito anos, o ator planeja retornar \u00e0 Bahia quando os filhos atingirem a maioridade, um desejo antigo que ele j\u00e1 havia manifestado publicamente.<\/p>\n<p><strong>O romance universit\u00e1rio poderia ter ido al\u00e9m?<\/strong><\/p>\n<p>Apesar da intensidade com que Manuela descreve aquele per\u00edodo, ela reconhece que a vida se encarregou de conduzir cada um para seu pr\u00f3prio caminho. Ainda assim, o cap\u00edtulo vivido ao lado do \u201cgal\u00e3 de olhos tristes\u201d permanece, como ela mesma relembra, \u201ctransmutado\u201d, mas nunca esquecido.<\/p>\n","protected":false},"excerpt":{"rendered":"A parceria inesperada entre futuros nomes de destaque no Brasil come\u00e7ou nos corredores da Universidade Federal da Bahia,&hellip;\n","protected":false},"author":2,"featured_media":173783,"comment_status":"","ping_status":"","sticky":false,"template":"","format":"standard","meta":{"footnotes":""},"categories":[145],"tags":[36244,211,210,4098,114,115,235,4362,1870,330,753,36243,4518,36247,2538,36248,32,33,32192,10450,1016,36249,3857,7690,36245,2154,12348,36246],"class_list":{"0":"post-173782","1":"post","2":"type-post","3":"status-publish","4":"format-standard","5":"has-post-thumbnail","7":"category-celebridades","8":"tag-capturou","9":"tag-celebridades","10":"tag-celebrities","11":"tag-comunicacao-social","12":"tag-entertainment","13":"tag-entretenimento","14":"tag-estados-unidos","15":"tag-estrela","16":"tag-filhos","17":"tag-gala","18":"tag-globo","19":"tag-jean-wyllys","20":"tag-me","21":"tag-magnetismo","22":"tag-manuela-dias","23":"tag-olhos-tristes","24":"tag-portugal","25":"tag-pt","26":"tag-relembra","27":"tag-remake","28":"tag-romance","29":"tag-sandra-delgado","30":"tag-sempre","31":"tag-talento","32":"tag-universidade-federal-da-bahia","33":"tag-vale-tudo","34":"tag-wagner-moura","35":"tag-ze-possi-neto"},"share_on_mastodon":{"url":"https:\/\/pubeurope.com\/@pt\/115653150241183310","error":""},"_links":{"self":[{"href":"https:\/\/www.europesays.com\/pt\/wp-json\/wp\/v2\/posts\/173782","targetHints":{"allow":["GET"]}}],"collection":[{"href":"https:\/\/www.europesays.com\/pt\/wp-json\/wp\/v2\/posts"}],"about":[{"href":"https:\/\/www.europesays.com\/pt\/wp-json\/wp\/v2\/types\/post"}],"author":[{"embeddable":true,"href":"https:\/\/www.europesays.com\/pt\/wp-json\/wp\/v2\/users\/2"}],"replies":[{"embeddable":true,"href":"https:\/\/www.europesays.com\/pt\/wp-json\/wp\/v2\/comments?post=173782"}],"version-history":[{"count":0,"href":"https:\/\/www.europesays.com\/pt\/wp-json\/wp\/v2\/posts\/173782\/revisions"}],"wp:featuredmedia":[{"embeddable":true,"href":"https:\/\/www.europesays.com\/pt\/wp-json\/wp\/v2\/media\/173783"}],"wp:attachment":[{"href":"https:\/\/www.europesays.com\/pt\/wp-json\/wp\/v2\/media?parent=173782"}],"wp:term":[{"taxonomy":"category","embeddable":true,"href":"https:\/\/www.europesays.com\/pt\/wp-json\/wp\/v2\/categories?post=173782"},{"taxonomy":"post_tag","embeddable":true,"href":"https:\/\/www.europesays.com\/pt\/wp-json\/wp\/v2\/tags?post=173782"}],"curies":[{"name":"wp","href":"https:\/\/api.w.org\/{rel}","templated":true}]}}