{"id":173796,"date":"2025-12-03T02:16:11","date_gmt":"2025-12-03T02:16:11","guid":{"rendered":"https:\/\/www.europesays.com\/pt\/173796\/"},"modified":"2025-12-03T02:16:11","modified_gmt":"2025-12-03T02:16:11","slug":"f1-carlos-sainz-teria-assinado-mais-cedo-se-soubesse-que-a-williams-lutaria-por-podios","status":"publish","type":"post","link":"https:\/\/www.europesays.com\/pt\/173796\/","title":{"rendered":"F1: Carlos Sainz teria assinado mais cedo se soubesse que a Williams lutaria por p\u00f3dios"},"content":{"rendered":"<p>Carlos Sainz admitiu que teria assinado o contrato com a Williams \u201cainda mais depressa\u201d se soubesse, em 2024, que a equipa iria alcan\u00e7ar em 2025 p\u00f3dios, o quinto lugar no Campeonato de Construtores e uma competitividade consistente a poucos d\u00e9cimos das equipas de topo em v\u00e1rios circuitos. Esses resultados, impulsionados pelos p\u00f3dios em Baku, na Sprint de Austin e em Losail, permitiram \u00e0 Williams garantir o melhor resultado desde 2017, com uma corrida ainda por disputar.<\/p>\n<p>Vindo de uma equipa de topo e regressando ao meio do pelot\u00e3o, Sainz confessou que entrou em 2025 com as expectativas \u201ccontroladas\u201d, sem saber que tipo de monolugar a Williams seria capaz de produzir. Ao olhar para tr\u00e1s, sublinha que a \u00e9poca n\u00e3o foi perfeita, com altos e baixos t\u00edpicos de uma equipa de meio da grelha, e que teve de se readaptar a lutar no meio do pelot\u00e3o, mas considera que o balan\u00e7o \u00e9 claramente positivo, com mais bons momentos do que aqueles que teria ousado imaginar quando assinou, depois de recusar as propostas de Alpine e Audi\/Sauber.<\/p>\n<p>\u201d Acho que \u00e9 um bom primeiro ano\u201d<\/p>\n<p>\u201cAcho que as expectativas s\u00e3o sempre altas, mas, ao entrar neste ano, tentei coloc\u00e1-las em perspetiva, sabendo que ia ser um ano dif\u00edcil para mim\u201d afirmou Sainz. \u201cVindo obviamente de uma equipa de topo, regressar ao meio do pelot\u00e3o e n\u00e3o saber exatamente que tipo de carro a Williams ia entregar para este ano.\u201d<\/p>\n<p>\u201cHonestamente, acho que, se me tivessem dito, quando assinei o meu contrato com a Williams no ver\u00e3o de 2024, que este ano haveria um p\u00f3dio, o quinto lugar nos Construtores, estar\u00edamos a apenas alguns d\u00e9cimos das equipas da frente em muitas pistas, outro p\u00f3dio numa Sprint, muitos pontos tanto para o Alex Albon como para mim\u2026 acho que teria assinado ainda mais depressa.\u201d<\/p>\n<p>\u201cPor isso, acho que \u00e9 um bom primeiro ano \u2013 n\u00e3o perfeito, porque, como qualquer equipa de meio do pelot\u00e3o, pass\u00e1mos por muitos altos e baixos. Tive de me readaptar a correr mais no meio do pelot\u00e3o. E, certamente, n\u00e3o foi um ano perfeito, mas tivemos muitos bons destaques e bons momentos, melhores at\u00e9 do que provavelmente teria sonhado ou desejado\u201d.<\/p>\n","protected":false},"excerpt":{"rendered":"Carlos Sainz admitiu que teria assinado o contrato com a Williams \u201cainda mais depressa\u201d se soubesse, em 2024,&hellip;\n","protected":false},"author":2,"featured_media":173797,"comment_status":"","ping_status":"","sticky":false,"template":"","format":"standard","meta":{"footnotes":""},"categories":[87],"tags":[20320,135,970,971,32,33,134,24173],"class_list":{"0":"post-173796","1":"post","2":"type-post","3":"status-publish","4":"format-standard","5":"has-post-thumbnail","7":"category-desporto","8":"tag-carlos-sainz","9":"tag-desporto","10":"tag-f1","11":"tag-formula-1","12":"tag-portugal","13":"tag-pt","14":"tag-sports","15":"tag-williams"},"share_on_mastodon":{"url":"https:\/\/pubeurope.com\/@pt\/115653232735425624","error":""},"_links":{"self":[{"href":"https:\/\/www.europesays.com\/pt\/wp-json\/wp\/v2\/posts\/173796","targetHints":{"allow":["GET"]}}],"collection":[{"href":"https:\/\/www.europesays.com\/pt\/wp-json\/wp\/v2\/posts"}],"about":[{"href":"https:\/\/www.europesays.com\/pt\/wp-json\/wp\/v2\/types\/post"}],"author":[{"embeddable":true,"href":"https:\/\/www.europesays.com\/pt\/wp-json\/wp\/v2\/users\/2"}],"replies":[{"embeddable":true,"href":"https:\/\/www.europesays.com\/pt\/wp-json\/wp\/v2\/comments?post=173796"}],"version-history":[{"count":0,"href":"https:\/\/www.europesays.com\/pt\/wp-json\/wp\/v2\/posts\/173796\/revisions"}],"wp:featuredmedia":[{"embeddable":true,"href":"https:\/\/www.europesays.com\/pt\/wp-json\/wp\/v2\/media\/173797"}],"wp:attachment":[{"href":"https:\/\/www.europesays.com\/pt\/wp-json\/wp\/v2\/media?parent=173796"}],"wp:term":[{"taxonomy":"category","embeddable":true,"href":"https:\/\/www.europesays.com\/pt\/wp-json\/wp\/v2\/categories?post=173796"},{"taxonomy":"post_tag","embeddable":true,"href":"https:\/\/www.europesays.com\/pt\/wp-json\/wp\/v2\/tags?post=173796"}],"curies":[{"name":"wp","href":"https:\/\/api.w.org\/{rel}","templated":true}]}}