{"id":173816,"date":"2025-12-03T02:54:11","date_gmt":"2025-12-03T02:54:11","guid":{"rendered":"https:\/\/www.europesays.com\/pt\/173816\/"},"modified":"2025-12-03T02:54:11","modified_gmt":"2025-12-03T02:54:11","slug":"ludmilla-exibe-novo-carro-avaliado-em-r-25-milhoes-me-mimei","status":"publish","type":"post","link":"https:\/\/www.europesays.com\/pt\/173816\/","title":{"rendered":"Ludmilla exibe novo carro avaliado em R$ 2,5 milh\u00f5es: &#8220;Me mimei&#8221;"},"content":{"rendered":"<p><a href=\"https:\/\/caras.com.br\/tags\/ludmilla\" rel=\"nofollow noopener\" target=\"_blank\"><strong>Ludmilla<\/strong><\/a> movimentou as redes sociais nesta ter\u00e7a-feira, 2, ao mostrar o carro que acabou de chegar \u00e0 sua casa. A artista apresentou sua mais nova aquisi\u00e7\u00e3o aos seguidores: um Cadillac Escalade 2026, um dos SUVs mais caros e raros vendidos no Brasil.<\/p>\n<p>No v\u00eddeo publicado no TikTok, ela surge empolgada com a novidade e brinca sobre ter decidido se dar um agrado especial no fim do ano: \u201cO presentinho da mam\u00e3e\u2026 me mimei\u201d, frase que acompanhou o momento em que ela abre o porta-malas e mostra o interior ainda embalado.<\/p>\n<p>O modelo adquirido pela artista \u00e9 conhecido pelo porte imponente e pela ficha t\u00e9cnica robusta. A vers\u00e3o 2026 traz um motor que coloca o carro entre os SUVs mais potentes dispon\u00edveis no mercado internacional. No Brasil, chega por importa\u00e7\u00e3o sob demanda, o que faz com que poucas unidades circulem no pa\u00eds.<\/p>\n<p>Al\u00e9m do desempenho, o carro chama aten\u00e7\u00e3o pelo interior, que segue o padr\u00e3o premium da marca. O acabamento inclui couro, ampla \u00e1rea interna e um sistema multim\u00eddia avan\u00e7ado.<\/p>\n<blockquote class=\"tiktok-embed\" style=\"max-width: 605px; min-width: 325px;\" cite=\"https:\/\/www.tiktok.com\/@ludmilla\/video\/7579348686212222216\" data-video-id=\"7579348686212222216\"><p> <a title=\"@ludmilla\" href=\"https:\/\/www.tiktok.com\/@ludmilla?refer=embed\" target=\"_blank\" rel=\"noopener nofollow\">@ludmilla<\/a>Meu defeito \u00e9 me mimar \ud83e\udd2d\ud83d\ude02<a title=\"\u266c Meu Defeito - LUDMILLA\" href=\"https:\/\/www.tiktok.com\/music\/Meu-Defeito-7568661989999675393?refer=embed\" target=\"_blank\" rel=\"noopener nofollow\">\u266c Meu Defeito \u2013 LUDMILLA<\/a> <\/p><\/blockquote>\n<p>  Ludmilla mostra avan\u00e7o na obra da nova mans\u00e3o <\/p>\n<p>A cantora Ludmilla usou as redes sociais nesta segunda-feira, 1, para atualizar os f\u00e3s sobre a constru\u00e7\u00e3o de sua nova mans\u00e3o no Rio de Janeiro. Nos stories, ela registrou um dos trabalhadores instalando os azulejos da piscina e comemorou o avan\u00e7o da obra, que segue em ritmo constante.<\/p>\n<p>A propriedade fica no mesmo condom\u00ednio onde Ludmilla j\u00e1 mora com a esposa, <strong>Brunna Gon\u00e7alves,<\/strong> e a filha do casal, <strong>Zuri.<\/strong> Em setembro, a cantora havia comentado sobre a ansiedade para ver tudo pronto. \u201cGente, obra demora muito, n\u00e9? Mais um dia visitando aqui. Eu estou doida para ver a piscina pronta\u201d, disse na ocasi\u00e3o.<\/p>\n<p>Mais cedo neste ano, Ludmilla revelou que a nova mans\u00e3o ter\u00e1 quatro andares. A constru\u00e7\u00e3o come\u00e7ou h\u00e1 mais de um ano, ainda antes de Brunna anunciar a gravidez, e desde ent\u00e3o a artista vem compartilhando pequenos avan\u00e7os com os seguidores.<\/p>\n<blockquote class=\"instagram-media\" style=\"background: #FFF; border: 0; border-radius: 3px; box-shadow: 0 0 1px 0 rgba(0,0,0,0.5),0 1px 10px 0 rgba(0,0,0,0.15); margin: 1px; max-width: 540px; min-width: 326px; padding: 0; width: calc(100% - 2px);\" data-instgrm-captioned=\"\" data-instgrm-permalink=\"https:\/\/www.instagram.com\/p\/DRqJYRWESdH\/?utm_source=ig_embed&amp;utm_campaign=loading\" data-instgrm-version=\"14\"><\/blockquote>\n<p>Leia tamb\u00e9m: <a href=\"https:\/\/caras.com.br\/musica\/ludmilla-abre-o-jogo-e-revela-por-que-escondeu-namoro-com-brunna-goncalves.phtml\" rel=\"nofollow noopener\" target=\"_blank\">Ludmilla abre o jogo e revela por que escondeu namoro com Brunna Gon\u00e7alves<\/a><\/p>\n<p>        <a href=\"https:\/\/caras.com.br\/autor\/izabella-nicolau\" rel=\"nofollow noopener\" target=\"_blank\">&#13;<br \/>\n          <img loading=\"lazy\" decoding=\"async\" alt=\"Izabella Nicolau\" src=\"https:\/\/www.europesays.com\/pt\/wp-content\/uploads\/2025\/10\/1761546134_794_whatsapp_image_2025-08-12_at_15.10.50_1_sqmd.jpeg\" class=\"avatar avatar-115 photo rounded-circle\" height=\"115\" width=\"115\"\/>        <\/a><\/p>\n<p><strong>Izabella Nicolau<\/strong> \u00e9 rep\u00f3rter de conte\u00fado do site CARAS. Formada em jornalismo, j\u00e1 passou por sites como Observat\u00f3rio do Cinema e Ultraverso. Escreve sobre cultura, entretenimento e celebridades.<\/p>\n<p>\t                                            <script async src=\"\/\/www.instagram.com\/embed.js\"><\/script><script async src=\"\/\/www.tiktok.com\/embed.js\"><\/script><\/p>\n","protected":false},"excerpt":{"rendered":"Ludmilla movimentou as redes sociais nesta ter\u00e7a-feira, 2, ao mostrar o carro que acabou de chegar \u00e0 sua&hellip;\n","protected":false},"author":2,"featured_media":173817,"comment_status":"","ping_status":"","sticky":false,"template":"","format":"standard","meta":{"footnotes":""},"categories":[145],"tags":[211,210,114,115,2035,32,33],"class_list":{"0":"post-173816","1":"post","2":"type-post","3":"status-publish","4":"format-standard","5":"has-post-thumbnail","7":"category-celebridades","8":"tag-celebridades","9":"tag-celebrities","10":"tag-entertainment","11":"tag-entretenimento","12":"tag-ludmilla","13":"tag-portugal","14":"tag-pt"},"share_on_mastodon":{"url":"https:\/\/pubeurope.com\/@pt\/115653382407613547","error":""},"_links":{"self":[{"href":"https:\/\/www.europesays.com\/pt\/wp-json\/wp\/v2\/posts\/173816","targetHints":{"allow":["GET"]}}],"collection":[{"href":"https:\/\/www.europesays.com\/pt\/wp-json\/wp\/v2\/posts"}],"about":[{"href":"https:\/\/www.europesays.com\/pt\/wp-json\/wp\/v2\/types\/post"}],"author":[{"embeddable":true,"href":"https:\/\/www.europesays.com\/pt\/wp-json\/wp\/v2\/users\/2"}],"replies":[{"embeddable":true,"href":"https:\/\/www.europesays.com\/pt\/wp-json\/wp\/v2\/comments?post=173816"}],"version-history":[{"count":0,"href":"https:\/\/www.europesays.com\/pt\/wp-json\/wp\/v2\/posts\/173816\/revisions"}],"wp:featuredmedia":[{"embeddable":true,"href":"https:\/\/www.europesays.com\/pt\/wp-json\/wp\/v2\/media\/173817"}],"wp:attachment":[{"href":"https:\/\/www.europesays.com\/pt\/wp-json\/wp\/v2\/media?parent=173816"}],"wp:term":[{"taxonomy":"category","embeddable":true,"href":"https:\/\/www.europesays.com\/pt\/wp-json\/wp\/v2\/categories?post=173816"},{"taxonomy":"post_tag","embeddable":true,"href":"https:\/\/www.europesays.com\/pt\/wp-json\/wp\/v2\/tags?post=173816"}],"curies":[{"name":"wp","href":"https:\/\/api.w.org\/{rel}","templated":true}]}}