{"id":173818,"date":"2025-12-03T02:57:11","date_gmt":"2025-12-03T02:57:11","guid":{"rendered":"https:\/\/www.europesays.com\/pt\/173818\/"},"modified":"2025-12-03T02:57:11","modified_gmt":"2025-12-03T02:57:11","slug":"ines-e-leandro-em-confronto-aceso-apos-especial-tu-nem-sequer-estavas-la-secret-story","status":"publish","type":"post","link":"https:\/\/www.europesays.com\/pt\/173818\/","title":{"rendered":"In\u00eas e Leandro em confronto aceso ap\u00f3s Especial: \u00abTu nem sequer estavas l\u00e1!\u00bb &#8211; Secret Story"},"content":{"rendered":"<p>No Secret Story 9, In\u00eas e Leandro voltam a entrar em bate-boca por causa do Mexerico que acusava Leandro de usar uma m\u00e1scara. Depois do Especial, entram em confronto. Bruna junta-se \u00e0 conversa e o caos instala-se Veja tudo.\u00a0<\/p>\n<p><strong>Esta semana, quatro concorrentes est\u00e3o nomeados e em risco de expuls\u00e3o. Pode votar na APP oficial do TVI reality ou atrav\u00e9s das linhas telef\u00f3nicas.<\/strong><\/p>\n<p>VOTE PARA SALVAR:<\/p>\n<p>BRUNA \u00a0\u2013 \u00a0761 20 20 03<br \/>LILIANA \u00a0\u2013 \u00a0761 20 20 14<br \/>MARISA \u00a0\u2013 \u00a0761 20 20 16<br \/>PEDRO \u00a0\u2013 \u00a0761 20 20 18<\/p>\n<p><strong><a href=\"https:\/\/tvi.iol.pt\/secretstory\/aominuto\" rel=\"nofollow noopener\" target=\"_blank\">Acompanhe aqui tudo o que se passa no Secret Story 9<\/a><\/strong><\/p>\n","protected":false},"excerpt":{"rendered":"No Secret Story 9, In\u00eas e Leandro voltam a entrar em bate-boca por causa do Mexerico que acusava&hellip;\n","protected":false},"author":2,"featured_media":173819,"comment_status":"","ping_status":"","sticky":false,"template":"","format":"standard","meta":{"footnotes":""},"categories":[142],"tags":[114,115,19033,15353,12397,19034,32,33,151,19032],"class_list":{"0":"post-173818","1":"post","2":"type-post","3":"status-publish","4":"format-standard","5":"has-post-thumbnail","7":"category-tv","8":"tag-entertainment","9":"tag-entretenimento","10":"tag-galas-em-video","11":"tag-ines","12":"tag-leandro","13":"tag-melhores-momentos-casa-dos-segredos","14":"tag-portugal","15":"tag-pt","16":"tag-tv","17":"tag-videos-secret-story-tvi"},"share_on_mastodon":{"url":"https:\/\/pubeurope.com\/@pt\/115653393996761841","error":""},"_links":{"self":[{"href":"https:\/\/www.europesays.com\/pt\/wp-json\/wp\/v2\/posts\/173818","targetHints":{"allow":["GET"]}}],"collection":[{"href":"https:\/\/www.europesays.com\/pt\/wp-json\/wp\/v2\/posts"}],"about":[{"href":"https:\/\/www.europesays.com\/pt\/wp-json\/wp\/v2\/types\/post"}],"author":[{"embeddable":true,"href":"https:\/\/www.europesays.com\/pt\/wp-json\/wp\/v2\/users\/2"}],"replies":[{"embeddable":true,"href":"https:\/\/www.europesays.com\/pt\/wp-json\/wp\/v2\/comments?post=173818"}],"version-history":[{"count":0,"href":"https:\/\/www.europesays.com\/pt\/wp-json\/wp\/v2\/posts\/173818\/revisions"}],"wp:featuredmedia":[{"embeddable":true,"href":"https:\/\/www.europesays.com\/pt\/wp-json\/wp\/v2\/media\/173819"}],"wp:attachment":[{"href":"https:\/\/www.europesays.com\/pt\/wp-json\/wp\/v2\/media?parent=173818"}],"wp:term":[{"taxonomy":"category","embeddable":true,"href":"https:\/\/www.europesays.com\/pt\/wp-json\/wp\/v2\/categories?post=173818"},{"taxonomy":"post_tag","embeddable":true,"href":"https:\/\/www.europesays.com\/pt\/wp-json\/wp\/v2\/tags?post=173818"}],"curies":[{"name":"wp","href":"https:\/\/api.w.org\/{rel}","templated":true}]}}