{"id":173824,"date":"2025-12-03T03:04:55","date_gmt":"2025-12-03T03:04:55","guid":{"rendered":"https:\/\/www.europesays.com\/pt\/173824\/"},"modified":"2025-12-03T03:04:55","modified_gmt":"2025-12-03T03:04:55","slug":"como-a-airbus-geriu-a-atualizacao-de-6000-avioes-a320-num-fim-de-semana","status":"publish","type":"post","link":"https:\/\/www.europesays.com\/pt\/173824\/","title":{"rendered":"Como a Airbus geriu a atualiza\u00e7\u00e3o de 6000 avi\u00f5es A320 num fim de semana"},"content":{"rendered":"<p>A Airbus chamou 6 mil A320 este fim de semana para corrigir um bug de software cr\u00edtico. Trata-se de uma vulnerabilidade \u00e0s erup\u00e7\u00f5es solares descoberta ap\u00f3s um incidente em voo que desencadeou esta opera\u00e7\u00e3o rel\u00e2mpago.<\/p>\n<p><a target=\"_blank\" href=\"https:\/\/pplware.sapo.pt\/wp-content\/uploads\/2025\/12\/recall_airbus00.webp\" rel=\"nofollow noopener\"><img fetchpriority=\"high\" decoding=\"async\" src=\"https:\/\/www.europesays.com\/pt\/wp-content\/uploads\/2025\/12\/recall_airbus00-720x404.webp.webp\" alt=\"Imagem Airbus A320 da TAP\" width=\"720\" height=\"404\" class=\"aligncenter wp-image-1091185 size-medium\"  \/><\/a><\/p>\n<p class=\"p1\">O fim de semana acabou por se tornar num verdadeiro desafio log\u00edstico para a Airbus, que foi obrigada a lan\u00e7ar, na sexta-feira, um recall de grande escala envolvendo metade da frota global de A320.<\/p>\n<p class=\"p1\">A opera\u00e7\u00e3o foi motivada por uma falha de software, <strong>identificada ap\u00f3s um incidente num voo da JetBlue<\/strong>, que deixa os avi\u00f5es expostos a erup\u00e7\u00f5es solares.<\/p>\n<p class=\"p1\">Em plena \u00e9poca movimentada do Dia de A\u00e7\u00e3o de Gra\u00e7as nos Estados Unidos, milhares de aparelhos tiveram de ser imobilizados para receber uma atualiza\u00e7\u00e3o urgente.<\/p>\n<p><a target=\"_blank\" href=\"https:\/\/pplware.sapo.pt\/wp-content\/uploads\/2025\/12\/recall_airbus02.webp\" rel=\"nofollow noopener\"><img loading=\"lazy\" decoding=\"async\" src=\"https:\/\/www.europesays.com\/pt\/wp-content\/uploads\/2025\/12\/recall_airbus02-720x404.webp.webp\" alt=\"\" width=\"720\" height=\"404\" class=\"aligncenter size-medium wp-image-1091184\"  \/><\/a><\/p>\n<p>Uma erup\u00e7\u00e3o solar faz tremer a Airbus e a avia\u00e7\u00e3o mundial<\/p>\n<p>Como <a target=\"_blank\" href=\"https:\/\/www.reuters.com\/business\/aerospace-defense\/airbus-narrows-software-crisis-airlines-ride-out-a320-recall-2025-12-01\/\" rel=\"nofollow noopener\">recorda a Reuters<\/a>, tudo come\u00e7ou a 30 de outubro com um A320 da JetBlue que perde altitude em pleno voo. A investiga\u00e7\u00e3o aponta ent\u00e3o uma <strong>vulnerabilidade inesperada no software que gere o \u00e2ngulo do nariz<\/strong> e que pode falhar durante erup\u00e7\u00f5es solares.<\/p>\n<p>A Airbus desencadeou assim na sexta-feira um alerta mundial sem precedentes. De uma forma ou de outra, s\u00e3o 6000 aparelhos da fam\u00edlia A320 que tiveram ou ter\u00e3o de ser corrigidos, <strong>o que representa metade da frota em servi\u00e7o<\/strong>.<\/p>\n<p><a target=\"_blank\" href=\"https:\/\/pplware.sapo.pt\/wp-content\/uploads\/2025\/12\/recall_airbus03.webp\" rel=\"nofollow noopener\"><img loading=\"lazy\" decoding=\"async\" src=\"https:\/\/www.europesays.com\/pt\/wp-content\/uploads\/2025\/12\/recall_airbus03-720x404.webp.webp\" alt=\"\" width=\"720\" height=\"404\" class=\"aligncenter size-medium wp-image-1091186\"  \/><\/a><\/p>\n<p>Na <a target=\"_blank\" href=\"https:\/\/pplware.sapo.pt\/motores\/airbus-manda-parar-de-imediato-avioes-a320-tap-afetada\/\" rel=\"nofollow noopener\">sexta-feira \u00e0 noite, a Airbus enviou um alerta<\/a> de oito p\u00e1ginas para centenas de companhias a\u00e9reas. A mensagem \u00e9 clara, <strong>nenhum avi\u00e3o pode descolar novamente sem corre\u00e7\u00e3o<\/strong>.<\/p>\n<p>O timing dificilmente poderia ser pior. Este recall surge em pleno fim de semana de A\u00e7\u00e3o de Gra\u00e7as, um dos per\u00edodos mais movimentados do ano para a avia\u00e7\u00e3o norte-americana.<\/p>\n<p>Os receios de caos a\u00e9reo foram imediatos. Mas, contra todas as expectativas, a m\u00e1quina at\u00e9 funciona relativamente bem. Os engenheiros mobilizam-se, as equipas trabalham toda a noite para limitar os estragos.<\/p>\n<p>Uma gest\u00e3o de crise \u00e0 sombra do fantasma Boeing<\/p>\n<p>Tecnicamente, a repara\u00e7\u00e3o \u00e9 bastante b\u00e1sica, j\u00e1 que <strong>consiste em reinstalar uma vers\u00e3o mais antiga do software<\/strong>. Contem cerca de tr\u00eas horas por aparelho, segundo a Airbus, por vezes menos na pr\u00e1tica.<\/p>\n<p>Contudo, <strong>esta atualiza\u00e7\u00e3o exige um m\u00f3dulo eletr\u00f3nico especia<\/strong>l ligado diretamente ao cockpit por raz\u00f5es de ciberseguran\u00e7a. E aqui, v\u00e1rias companhias carecem gravemente do equipamento necess\u00e1rio para tratar toda a sua frota com urg\u00eancia.<\/p>\n<p><a target=\"_blank\" href=\"https:\/\/pplware.sapo.pt\/wp-content\/uploads\/2025\/12\/recall_airbus05.webp\" rel=\"nofollow noopener\"><img loading=\"lazy\" decoding=\"async\" src=\"https:\/\/www.europesays.com\/pt\/wp-content\/uploads\/2025\/12\/recall_airbus05-720x404.webp.webp\" alt=\"\" width=\"720\" height=\"404\" class=\"aligncenter size-medium wp-image-1091188\"  \/><\/a><\/p>\n<p>Para al\u00e9m do bug em si, \u00e9 a rea\u00e7\u00e3o da Airbus que chama a aten\u00e7\u00e3o. <strong>Guillaume Faury apresentou publicamente as suas desculpas<\/strong>, um ato extremamente raro na avia\u00e7\u00e3o.<\/p>\n<p>O fantasma do <a target=\"_blank\" href=\"https:\/\/pplware.sapo.pt\/motores\/boeing-admite-fraude-em-acidentes-com-avioes-737-max-que-mataram-346-pessoas\/\" rel=\"nofollow noopener\">737 MAX<\/a> paira sem d\u00favida sobre esta decis\u00e3o. Todos temos na mem\u00f3ria os dois acidentes mortais que levaram os especialistas a criticar duramente a Boeing pela falta de transpar\u00eancia. O gigante americano pagou caro pela sua hesita\u00e7\u00e3o.<\/p>\n<p>A Airbus faz a aposta inversa, e poder\u00e1 muito bem colher os frutos a longo prazo.<\/p>\n","protected":false},"excerpt":{"rendered":"A Airbus chamou 6 mil A320 este fim de semana para corrigir um bug de software cr\u00edtico. Trata-se&hellip;\n","protected":false},"author":2,"featured_media":173825,"comment_status":"","ping_status":"","sticky":false,"template":"","format":"standard","meta":{"footnotes":""},"categories":[83],"tags":[1309,32954,88,89,90,36252,32,33,1365],"class_list":{"0":"post-173824","1":"post","2":"type-post","3":"status-publish","4":"format-standard","5":"has-post-thumbnail","7":"category-empresas","8":"tag-airbus","9":"tag-airbus-a320","10":"tag-business","11":"tag-economy","12":"tag-empresas","13":"tag-jetblue","14":"tag-portugal","15":"tag-pt","16":"tag-tap"},"share_on_mastodon":{"url":"https:\/\/pubeurope.com\/@pt\/115653425833756867","error":""},"_links":{"self":[{"href":"https:\/\/www.europesays.com\/pt\/wp-json\/wp\/v2\/posts\/173824","targetHints":{"allow":["GET"]}}],"collection":[{"href":"https:\/\/www.europesays.com\/pt\/wp-json\/wp\/v2\/posts"}],"about":[{"href":"https:\/\/www.europesays.com\/pt\/wp-json\/wp\/v2\/types\/post"}],"author":[{"embeddable":true,"href":"https:\/\/www.europesays.com\/pt\/wp-json\/wp\/v2\/users\/2"}],"replies":[{"embeddable":true,"href":"https:\/\/www.europesays.com\/pt\/wp-json\/wp\/v2\/comments?post=173824"}],"version-history":[{"count":0,"href":"https:\/\/www.europesays.com\/pt\/wp-json\/wp\/v2\/posts\/173824\/revisions"}],"wp:featuredmedia":[{"embeddable":true,"href":"https:\/\/www.europesays.com\/pt\/wp-json\/wp\/v2\/media\/173825"}],"wp:attachment":[{"href":"https:\/\/www.europesays.com\/pt\/wp-json\/wp\/v2\/media?parent=173824"}],"wp:term":[{"taxonomy":"category","embeddable":true,"href":"https:\/\/www.europesays.com\/pt\/wp-json\/wp\/v2\/categories?post=173824"},{"taxonomy":"post_tag","embeddable":true,"href":"https:\/\/www.europesays.com\/pt\/wp-json\/wp\/v2\/tags?post=173824"}],"curies":[{"name":"wp","href":"https:\/\/api.w.org\/{rel}","templated":true}]}}