{"id":173828,"date":"2025-12-03T03:11:29","date_gmt":"2025-12-03T03:11:29","guid":{"rendered":"https:\/\/www.europesays.com\/pt\/173828\/"},"modified":"2025-12-03T03:11:29","modified_gmt":"2025-12-03T03:11:29","slug":"no-secret-story-cristina-ferreira-apanha-todos-de-surpresa-ao-revelar-porque-nao-contou-segredo-a-dylan-em-direto","status":"publish","type":"post","link":"https:\/\/www.europesays.com\/pt\/173828\/","title":{"rendered":"No Secret Story, Cristina Ferreira apanha todos de surpresa ao revelar porque n\u00e3o contou segredo a Dylan em direto"},"content":{"rendered":"<p>No Secret Story, Cristina Ferreira apanha todos de surpresa ao revelar porque n\u00e3o contou segredo a Dylan em direto na gala.<\/p>\n<p>Conversa nos bastidores gera tema no \u2018Dois \u00e0s 10\u2019<\/p>\n<p>Cristina Ferreira e Cl\u00e1udio Ramos regressaram esta segunda-feira, 1 de dezembro, \u00e0 condu\u00e7\u00e3o do Dois \u00e0s 10, na TVI. Durante o espa\u00e7o dedicado aos coment\u00e1rios da gala do Secret Story, acabou por surgir um dos assuntos mais comentados da manh\u00e3.<\/p>\n<p>Cl\u00e1udio Ramos confronta Cristina em direto<\/p>\n<p>Logo a meio da an\u00e1lise, Cl\u00e1udio quis saber o que realmente aconteceu ap\u00f3s a expuls\u00e3o de Dylan. O apresentador perguntou, de forma direta: <strong>\u201cN\u00e3o lhe contaste o segredo da Marisa e do Pedro Jorge?\u201d<\/strong><\/p>\n<p>Cristina Ferreira explica o que se passou<\/p>\n<p>De imediato, Cristina esclareceu a situa\u00e7\u00e3o e justificou a correria nos bastidores: <strong>\u201cN\u00e3o. J\u00e1 est\u00e1vamos atrasados, eu tive de fazer tudo \u00e0 pressa a seguir e estava a correr\u201d<\/strong>.<br \/>Assim, acabou por confirmar que n\u00e3o houve tempo para revelar o segredo ao concorrente expulso.<\/p>\n<p>Rea\u00e7\u00e3o aos segredos ficou por fazer devido ao tempo<\/p>\n<p>Normalmente, um dos momentos mais aguardados na gala \u00e9 a rea\u00e7\u00e3o dos expulsos ao segredo que envolve Marisa e Pedro Jorge. Contudo, por motivos de tempo, a apresentadora n\u00e3o conseguiu fazer essa revela\u00e7\u00e3o no pr\u00f3prio programa.<\/p>\n<p>Dylan acabou por descobrir tudo mais tarde<\/p>\n<p>Apesar disso, Dylan n\u00e3o ficou sem resposta. Segundo o que foi partilhado no Dois \u00e0s 10, o ex-concorrente acabou por saber, atrav\u00e9s de colegas que ainda estavam na gala, que Marisa e Pedro Jorge t\u00eam uma rela\u00e7\u00e3o amorosa e filhos.<\/p>\n<p>Veja este momento <a href=\"https:\/\/tvi.iol.pt\/doisas10\/video\/cristina-ferreira-esclarece-o-motivo-de-nao-ter-revelado-a-dylan-o-segredo-de-pedro-e-marisa\/692d675f0cf2559133761cd4\" rel=\"nofollow noopener\" target=\"_blank\">AQUI<\/a>.<\/p>\n<p><a href=\"https:\/\/news.google.com\/publications\/CAAqBwgKMKfIoAswtNK4Aw\" target=\"_blank\" rel=\"noopener noreferrer nofollow\"><img loading=\"lazy\" data-lazyloaded=\"1\" width=\"481\" height=\"161\" decoding=\"async\" src=\"\/wp-content\/uploads\/2024\/02\/GN_siganos.png\" alt=\"Siga-nos no Google News\" style=\"margin-top:20px;\"\/><\/a><\/p>\n","protected":false},"excerpt":{"rendered":"No Secret Story, Cristina Ferreira apanha todos de surpresa ao revelar porque n\u00e3o contou segredo a Dylan em&hellip;\n","protected":false},"author":2,"featured_media":173829,"comment_status":"","ping_status":"","sticky":false,"template":"","format":"standard","meta":{"footnotes":""},"categories":[142],"tags":[2632,166,801,21040,114,115,32,33,151],"class_list":{"0":"post-173828","1":"post","2":"type-post","3":"status-publish","4":"format-standard","5":"has-post-thumbnail","7":"category-tv","8":"tag-casa-dos-segredos","9":"tag-cristina-ferreira","10":"tag-dois-as-10","11":"tag-dylan-fonte","12":"tag-entertainment","13":"tag-entretenimento","14":"tag-portugal","15":"tag-pt","16":"tag-tv"},"share_on_mastodon":{"url":"https:\/\/pubeurope.com\/@pt\/115653449227220190","error":""},"_links":{"self":[{"href":"https:\/\/www.europesays.com\/pt\/wp-json\/wp\/v2\/posts\/173828","targetHints":{"allow":["GET"]}}],"collection":[{"href":"https:\/\/www.europesays.com\/pt\/wp-json\/wp\/v2\/posts"}],"about":[{"href":"https:\/\/www.europesays.com\/pt\/wp-json\/wp\/v2\/types\/post"}],"author":[{"embeddable":true,"href":"https:\/\/www.europesays.com\/pt\/wp-json\/wp\/v2\/users\/2"}],"replies":[{"embeddable":true,"href":"https:\/\/www.europesays.com\/pt\/wp-json\/wp\/v2\/comments?post=173828"}],"version-history":[{"count":0,"href":"https:\/\/www.europesays.com\/pt\/wp-json\/wp\/v2\/posts\/173828\/revisions"}],"wp:featuredmedia":[{"embeddable":true,"href":"https:\/\/www.europesays.com\/pt\/wp-json\/wp\/v2\/media\/173829"}],"wp:attachment":[{"href":"https:\/\/www.europesays.com\/pt\/wp-json\/wp\/v2\/media?parent=173828"}],"wp:term":[{"taxonomy":"category","embeddable":true,"href":"https:\/\/www.europesays.com\/pt\/wp-json\/wp\/v2\/categories?post=173828"},{"taxonomy":"post_tag","embeddable":true,"href":"https:\/\/www.europesays.com\/pt\/wp-json\/wp\/v2\/tags?post=173828"}],"curies":[{"name":"wp","href":"https:\/\/api.w.org\/{rel}","templated":true}]}}