{"id":17383,"date":"2025-08-05T17:53:09","date_gmt":"2025-08-05T17:53:09","guid":{"rendered":"https:\/\/www.europesays.com\/pt\/17383\/"},"modified":"2025-08-05T17:53:09","modified_gmt":"2025-08-05T17:53:09","slug":"park-bo-gum-astro-dos-k-dramas-anuncia-fan-meeting-no-brasil","status":"publish","type":"post","link":"https:\/\/www.europesays.com\/pt\/17383\/","title":{"rendered":"Park Bo Gum, astro dos K-dramas, anuncia fan meeting no Brasil"},"content":{"rendered":"<p>Estrela dos dramas coreanos, <strong>Park Bo Gum<\/strong> vir\u00e1 ao Brasil com o fan meeting \u201cBe With You\u201d. O evento acontece em S\u00e3o Paulo no dia 21 de setembro no Vibra.<\/p>\n<p>  VEJA TAMB\u00c9M<\/p>\n<p>    <a href=\"https:\/\/billboard.com.br\/woo-do-hwan-sao-paulo-horarios-objetos-proibidos\/\" rel=\"nofollow noopener\" target=\"_blank\"><img loading=\"lazy\" decoding=\"async\" width=\"180\" height=\"180\" src=\"data:image\/svg+xml,%3Csvg%20xmlns=\" http:=\"\" class=\"attachment-theissue-thumbnail-x2 size-theissue-thumbnail-x2 wp-post-image\" alt=\"Woo Do Hwan\" data-lazy- data-lazy- data-lazy-src=\"https:\/\/www.europesays.com\/pt\/wp-content\/uploads\/2025\/08\/Woo-Do-Hwan-2-180x180.jpg\"\/><\/a><\/p>\n<p>A novidade foi anunciada pela THEBLACKLABEL nesta ter\u00e7a-feira (5) nas redes sociais. Ainda n\u00e3o h\u00e1 informa\u00e7\u00f5es sobre venda de ingressos.<\/p>\n<p>Park Bo Gum \u00e9 um dos atores mais populares da <a href=\"https:\/\/billboard.com.br\/cultura\/televisao\/\" data-internallinksmanager029f6b8e52c=\"147\" title=\"TV\" rel=\"nofollow noopener\" target=\"_blank\">TV<\/a> sul-coreana.<\/p>\n<p>Aos 32 anos, ele \u00e9 conhecido por dramas como \u201cSe A Vida Te Der Tangerinas\u201d (2025), \u201cUm Bom Garoto\u201d (2025), \u201cReply 1988\u201d (2015), \u201cPassarela dos Sonhos\u201d (2020), \u201cHello Monster\u201d (2015), entre outros.<\/p>\n<p>Al\u00e9m de ator, ele tamb\u00e9m \u00e9 cantor. Park Bo Gum participou da banda militar no ex\u00e9rcito sul-coreano e j\u00e1 lan\u00e7ou \u00e1lbuns, como \u201cBlue Bird\u201d, em 2020.<\/p>\n<p>Entre as amizades famosas do artista est\u00e1 <strong>V<\/strong>, integrante do <a href=\"https:\/\/billboard.com.br\/artistas\/bts\/\" data-internallinksmanager029f6b8e52c=\"17\" title=\"BTS\" rel=\"nofollow noopener\" target=\"_blank\">BTS<\/a>.<\/p>\n<p class=\"p1\"><a href=\"https:\/\/www.whatsapp.com\/channel\/0029ValKuvo4dTnMRyrLrD0W\" target=\"_blank\" rel=\"noopener nofollow\"><b>K-POP NO WHATSAPP: Participe do canal da Billboard Brasil para not\u00edcias e entrevistas exclusivas!<\/b><b\/><\/a><\/p>\n<p><img loading=\"lazy\" decoding=\"async\" class=\"size-full wp-image-149426\" src=\"data:image\/svg+xml,%3Csvg%20xmlns=\" http:=\"\" alt=\"Park Bo Gum\" width=\"983\" height=\"570\" data-lazy- data-lazy- data-lazy-src=\"https:\/\/www.europesays.com\/pt\/wp-content\/uploads\/2025\/08\/park-bo-gum.jpg\"\/>Park Bo Gum em \u2018Passarela dos Sonhos\u2019 (2020)<\/p>\n","protected":false},"excerpt":{"rendered":"Estrela dos dramas coreanos, Park Bo Gum vir\u00e1 ao Brasil com o fan meeting \u201cBe With You\u201d. O&hellip;\n","protected":false},"author":2,"featured_media":17384,"comment_status":"","ping_status":"","sticky":false,"template":"","format":"standard","meta":{"footnotes":""},"categories":[141],"tags":[114,115,149,150,32,33],"class_list":{"0":"post-17383","1":"post","2":"type-post","3":"status-publish","4":"format-standard","5":"has-post-thumbnail","7":"category-musica","8":"tag-entertainment","9":"tag-entretenimento","10":"tag-music","11":"tag-musica","12":"tag-portugal","13":"tag-pt"},"share_on_mastodon":{"url":"","error":""},"_links":{"self":[{"href":"https:\/\/www.europesays.com\/pt\/wp-json\/wp\/v2\/posts\/17383","targetHints":{"allow":["GET"]}}],"collection":[{"href":"https:\/\/www.europesays.com\/pt\/wp-json\/wp\/v2\/posts"}],"about":[{"href":"https:\/\/www.europesays.com\/pt\/wp-json\/wp\/v2\/types\/post"}],"author":[{"embeddable":true,"href":"https:\/\/www.europesays.com\/pt\/wp-json\/wp\/v2\/users\/2"}],"replies":[{"embeddable":true,"href":"https:\/\/www.europesays.com\/pt\/wp-json\/wp\/v2\/comments?post=17383"}],"version-history":[{"count":0,"href":"https:\/\/www.europesays.com\/pt\/wp-json\/wp\/v2\/posts\/17383\/revisions"}],"wp:featuredmedia":[{"embeddable":true,"href":"https:\/\/www.europesays.com\/pt\/wp-json\/wp\/v2\/media\/17384"}],"wp:attachment":[{"href":"https:\/\/www.europesays.com\/pt\/wp-json\/wp\/v2\/media?parent=17383"}],"wp:term":[{"taxonomy":"category","embeddable":true,"href":"https:\/\/www.europesays.com\/pt\/wp-json\/wp\/v2\/categories?post=17383"},{"taxonomy":"post_tag","embeddable":true,"href":"https:\/\/www.europesays.com\/pt\/wp-json\/wp\/v2\/tags?post=17383"}],"curies":[{"name":"wp","href":"https:\/\/api.w.org\/{rel}","templated":true}]}}