{"id":173834,"date":"2025-12-03T03:23:11","date_gmt":"2025-12-03T03:23:11","guid":{"rendered":"https:\/\/www.europesays.com\/pt\/173834\/"},"modified":"2025-12-03T03:23:11","modified_gmt":"2025-12-03T03:23:11","slug":"filho-de-ronnie-von-surge-em-video-raro-ao-lado-do-apresentador","status":"publish","type":"post","link":"https:\/\/www.europesays.com\/pt\/173834\/","title":{"rendered":"Filho de Ronnie Von surge em v\u00eddeo raro ao lado do apresentador"},"content":{"rendered":"<p><a href=\"https:\/\/caras.com.br\/tags\/ronnie-von\" rel=\"nofollow noopener\" target=\"_blank\"><strong>Ronnie Von<\/strong><\/a> dedicou parte da tarde desta ter\u00e7a-feira, 2, para celebrar os 55 anos de seu filho, <strong>Ronaldo Von.<\/strong> O apresentador dividiu com os seguidores um registro do encontro familiar, marcado por muitas brincadeiras.<\/p>\n<p>No v\u00eddeo publicado nos Stories, Ronnie aparece ao lado de Ronaldo, seu filho do meio, e da esposa, <strong>Maria Cristina Rangel.<\/strong> Sorrindo, o artista faz quest\u00e3o de demonstrar o carinho que tem pelo filho, chamando-o de \u201cmeu menino\u201d e elogiando sua energia. Ele aproveitou o momento para refor\u00e7ar o afeto que une os tr\u00eas.<\/p>\n<p>\u201cHoje \u00e9 anivers\u00e1rio desse mo\u00e7o aqui, o meu menino, meu garoto, meu sol. Esse cara aqui tem 55 anos, parece que tem cinco, \u00f3 que beleza. Os outros 50 vieram de empr\u00e9stimo, fui eu que fiz com uma pequena ajuda. Felicidade, meu filho, viu?\u201c, comentou com bom humor.<\/p>\n<p>Maria Cristina, que acompanha Ronnie h\u00e1 quase quatro d\u00e9cadas e \u00e9 madrasta do aniversariante, tamb\u00e9m prestou sua homenagem ao enteado. Ao aparecer no v\u00eddeo, ela comentou com leveza sobre o almo\u00e7o simples preparado para marcar a data, arrancando risos de Ronaldo. \u201cEstamos aqui hoje, um almocinho simples, mas de todo cora\u00e7\u00e3o. Quem tem uma m\u00e3e dr\u00e1stica boa, n\u00e3o morre pag\u00e3o\u201d, brincou ela, recebendo a resposta carinhosa do aniversariante.<\/p>\n<p>Ronaldo, que costuma manter a vida pessoal mais discreta, mostrou-se \u00e0 vontade no registro e respondeu \u00e0s brincadeiras com bom humor. O encontro destacou ainda a forte semelhan\u00e7a entre Ronaldo e Ronnie, algo que seguidores frequentemente comentam nas redes sociais. Al\u00e9m do aniversariante, o apresentador \u00e9 pai de <strong>Alessandra Von,<\/strong> chef de cozinha, e de <strong>Leo Von,<\/strong> ca\u00e7ula do trio.<\/p>\n<p> <img loading=\"lazy\" decoding=\"async\" class=\"wp-image-1038646 size-full img-fluid lazy\" alt=\"Ronnie Von e o filho - Foto: Reprodu\u00e7\u00e3o \/ Instagram\" width=\"354\" height=\"201\" src=\"https:\/\/www.europesays.com\/pt\/wp-content\/uploads\/2025\/12\/ronnie-von-e-filho-1.jpg\"\/>Ronnie Von e o filho \u2013 Foto: Reprodu\u00e7\u00e3o \/ Instagram Ronnie Von relembra amizade com Ione Borges <\/p>\n<p>Ronnie Von falou sobre a morte de Ione Borges e relembrou momentos da amizade entre os dois. Ele contou que sempre tentou alert\u00e1-la sobre o impacto do cigarro. \u201cEu falava para a Ione largar o cigarro. Esse maldito tabagismo contribuiu para que ela tivesse problemas pulmonares\u201d, disse o apresentador.<\/p>\n<p>Em sua homenagem, Ronnie ressaltou o reconhecimento que a amiga recebeu em vida. \u201cEla foi reverenciada e festejada como grande apresentadora\u201d, declarou durante participa\u00e7\u00e3o no programa Mulheres.<\/p>\n<p>Leia tamb\u00e9m: <a href=\"https:\/\/caras.com.br\/tv\/completando-81-anos-ronnie-von-fala-sobre-envelhecer-trabalhando-na-tv-e-aposentadoria.phtml\" rel=\"nofollow noopener\" target=\"_blank\">Completando 81 anos, Ronnie Von fala sobre envelhecer trabalhando na TV e aposentadoria<\/a><\/p>\n<p>        <a href=\"https:\/\/caras.com.br\/autor\/izabella-nicolau\" rel=\"nofollow noopener\" target=\"_blank\">&#13;<br \/>\n          <img loading=\"lazy\" decoding=\"async\" alt=\"Izabella Nicolau\" src=\"https:\/\/www.europesays.com\/pt\/wp-content\/uploads\/2025\/10\/1761546134_794_whatsapp_image_2025-08-12_at_15.10.50_1_sqmd.jpeg\" class=\"avatar avatar-115 photo rounded-circle\" height=\"115\" width=\"115\"\/>        <\/a><\/p>\n<p><strong>Izabella Nicolau<\/strong> \u00e9 rep\u00f3rter de conte\u00fado do site CARAS. Formada em jornalismo, j\u00e1 passou por sites como Observat\u00f3rio do Cinema e Ultraverso. Escreve sobre cultura, entretenimento e celebridades.<\/p>\n","protected":false},"excerpt":{"rendered":"Ronnie Von dedicou parte da tarde desta ter\u00e7a-feira, 2, para celebrar os 55 anos de seu filho, Ronaldo&hellip;\n","protected":false},"author":2,"featured_media":173835,"comment_status":"","ping_status":"","sticky":false,"template":"","format":"standard","meta":{"footnotes":""},"categories":[145],"tags":[211,210,114,115,32,33,30604],"class_list":{"0":"post-173834","1":"post","2":"type-post","3":"status-publish","4":"format-standard","5":"has-post-thumbnail","7":"category-celebridades","8":"tag-celebridades","9":"tag-celebrities","10":"tag-entertainment","11":"tag-entretenimento","12":"tag-portugal","13":"tag-pt","14":"tag-ronnie-von"},"share_on_mastodon":{"url":"https:\/\/pubeurope.com\/@pt\/115653496454373312","error":""},"_links":{"self":[{"href":"https:\/\/www.europesays.com\/pt\/wp-json\/wp\/v2\/posts\/173834","targetHints":{"allow":["GET"]}}],"collection":[{"href":"https:\/\/www.europesays.com\/pt\/wp-json\/wp\/v2\/posts"}],"about":[{"href":"https:\/\/www.europesays.com\/pt\/wp-json\/wp\/v2\/types\/post"}],"author":[{"embeddable":true,"href":"https:\/\/www.europesays.com\/pt\/wp-json\/wp\/v2\/users\/2"}],"replies":[{"embeddable":true,"href":"https:\/\/www.europesays.com\/pt\/wp-json\/wp\/v2\/comments?post=173834"}],"version-history":[{"count":0,"href":"https:\/\/www.europesays.com\/pt\/wp-json\/wp\/v2\/posts\/173834\/revisions"}],"wp:featuredmedia":[{"embeddable":true,"href":"https:\/\/www.europesays.com\/pt\/wp-json\/wp\/v2\/media\/173835"}],"wp:attachment":[{"href":"https:\/\/www.europesays.com\/pt\/wp-json\/wp\/v2\/media?parent=173834"}],"wp:term":[{"taxonomy":"category","embeddable":true,"href":"https:\/\/www.europesays.com\/pt\/wp-json\/wp\/v2\/categories?post=173834"},{"taxonomy":"post_tag","embeddable":true,"href":"https:\/\/www.europesays.com\/pt\/wp-json\/wp\/v2\/tags?post=173834"}],"curies":[{"name":"wp","href":"https:\/\/api.w.org\/{rel}","templated":true}]}}