{"id":173846,"date":"2025-12-03T04:11:18","date_gmt":"2025-12-03T04:11:18","guid":{"rendered":"https:\/\/www.europesays.com\/pt\/173846\/"},"modified":"2025-12-03T04:11:18","modified_gmt":"2025-12-03T04:11:18","slug":"benfica-prepara-se-para-atacar-3-reforcos-em-janeiro-e-ja-ha-2-nomes-definidos","status":"publish","type":"post","link":"https:\/\/www.europesays.com\/pt\/173846\/","title":{"rendered":"Benfica prepara-se para atacar 3 refor\u00e7os em janeiro e j\u00e1 h\u00e1 2 nomes definidos"},"content":{"rendered":"<p>&#8211; Advertisement &#8211;<\/p>\n<p><strong>O Benfica quer refor\u00e7ar o plantel no mercado de janeiro e dar mais op\u00e7\u00f5es a Jos\u00e9 Mourinho. Dois extremos e ponta de lan\u00e7a vistos como prioridade.<\/strong><\/p>\n<p>O Benfica quer garantir refor\u00e7os no mercado de janeiro para atacar todas as frentes. De acordo com o jornal O Jogo, as \u00e1guias preparam pelo menos tr\u00eas contrata\u00e7\u00f5es e j\u00e1 h\u00e1 nomes bem definidos no mercado.<\/p>\n<p>Refor\u00e7ar o setor ofensivo com dois extremos e um ponta de lan\u00e7a \u00e9 perspetivado como a prioridade pelas \u00e1guias. Para os dois primeiros lugares, Filip Kostic (Juventus), que pode tamb\u00e9m atuar como lateral, e Rafa Silva (Besiktas) est\u00e3o j\u00e1 identificados.<\/p>\n<p>Quanto ao ataque, apesar da confian\u00e7a da estrutura na afirma\u00e7\u00e3o de Franjo Ivanovic, o objetivo passa por encontrar um nome mais experiente e com um perfil diferente, capaz de substituir ou mesmo acompanhar Vangelis Pavlidis na frente. <\/p>\n<p>Confirmando-se as inten\u00e7\u00f5es das \u00e1guias,<a href=\"https:\/\/bolanarede.pt\/especial-bola-na-rede\/atualidade\/verao-e-inverno-juntos-benfica-pode-gastar-cerca-de-200-milhoes-de-euros-em-reforcos\/\" target=\"_blank\" rel=\"noreferrer noopener nofollow\"> 2025\/26 pode ser uma das \u00e9pocas com maior investimento encarnado na hist\u00f3ria. <\/a><\/p>\n","protected":false},"excerpt":{"rendered":"&#8211; Advertisement &#8211; O Benfica quer refor\u00e7ar o plantel no mercado de janeiro e dar mais op\u00e7\u00f5es a&hellip;\n","protected":false},"author":2,"featured_media":173847,"comment_status":"","ping_status":"","sticky":false,"template":"","format":"standard","meta":{"footnotes":""},"categories":[87],"tags":[260,51,135,478,35949,32,479,33,21749,134],"class_list":{"0":"post-173846","1":"post","2":"type-post","3":"status-publish","4":"format-standard","5":"has-post-thumbnail","7":"category-desporto","8":"tag-atualidade","9":"tag-benfica","10":"tag-desporto","11":"tag-destaques-bnr","12":"tag-filip-kostic","13":"tag-portugal","14":"tag-primeira-liga","15":"tag-pt","16":"tag-rafa-silva","17":"tag-sports"},"share_on_mastodon":{"url":"https:\/\/pubeurope.com\/@pt\/115653684995206232","error":""},"_links":{"self":[{"href":"https:\/\/www.europesays.com\/pt\/wp-json\/wp\/v2\/posts\/173846","targetHints":{"allow":["GET"]}}],"collection":[{"href":"https:\/\/www.europesays.com\/pt\/wp-json\/wp\/v2\/posts"}],"about":[{"href":"https:\/\/www.europesays.com\/pt\/wp-json\/wp\/v2\/types\/post"}],"author":[{"embeddable":true,"href":"https:\/\/www.europesays.com\/pt\/wp-json\/wp\/v2\/users\/2"}],"replies":[{"embeddable":true,"href":"https:\/\/www.europesays.com\/pt\/wp-json\/wp\/v2\/comments?post=173846"}],"version-history":[{"count":0,"href":"https:\/\/www.europesays.com\/pt\/wp-json\/wp\/v2\/posts\/173846\/revisions"}],"wp:featuredmedia":[{"embeddable":true,"href":"https:\/\/www.europesays.com\/pt\/wp-json\/wp\/v2\/media\/173847"}],"wp:attachment":[{"href":"https:\/\/www.europesays.com\/pt\/wp-json\/wp\/v2\/media?parent=173846"}],"wp:term":[{"taxonomy":"category","embeddable":true,"href":"https:\/\/www.europesays.com\/pt\/wp-json\/wp\/v2\/categories?post=173846"},{"taxonomy":"post_tag","embeddable":true,"href":"https:\/\/www.europesays.com\/pt\/wp-json\/wp\/v2\/tags?post=173846"}],"curies":[{"name":"wp","href":"https:\/\/api.w.org\/{rel}","templated":true}]}}