{"id":173848,"date":"2025-12-03T04:19:09","date_gmt":"2025-12-03T04:19:09","guid":{"rendered":"https:\/\/www.europesays.com\/pt\/173848\/"},"modified":"2025-12-03T04:19:09","modified_gmt":"2025-12-03T04:19:09","slug":"ronaldo-e-celina-locks-sao-homenageados-no-brazilfoundation-com-ana-maria-e-mais-famosos-entre-os-convidados","status":"publish","type":"post","link":"https:\/\/www.europesays.com\/pt\/173848\/","title":{"rendered":"Ronaldo e Celina Locks s\u00e3o homenageados no BrazilFoundation, com Ana Maria e mais famosos entre os convidados"},"content":{"rendered":"\n<p class=\" content-text__container \" data-track-category=\"Link no Texto\" data-track-links=\"\"> Ana Maria Braga, que foi com o marido, o jornalista <strong>F\u00e1bio Arruda<\/strong>, falou sobre a import\u00e2ncia do evento beneficente. &#8220;Acho que aqui a gente, inclusive, tem oportunidade de conhecer as institui\u00e7\u00f5es ajudadas, ent\u00e3o \u00e9 importante, porque une a sociedade para ajudar institui\u00e7\u00f5es que precisam, com credibilidade que tem. S\u00e3o 25 anos fazendo bem ao Brasil e \u00e9 importante, de verdade.&#8221; <\/p>\n","protected":false},"excerpt":{"rendered":"Ana Maria Braga, que foi com o marido, o jornalista F\u00e1bio Arruda, falou sobre a import\u00e2ncia do evento&hellip;\n","protected":false},"author":2,"featured_media":173849,"comment_status":"","ping_status":"","sticky":false,"template":"","format":"standard","meta":{"footnotes":""},"categories":[145],"tags":[36255,752,211,210,36254,114,115,7600,35803,32,33,669,36253],"class_list":{"0":"post-173848","1":"post","2":"type-post","3":"status-publish","4":"format-standard","5":"has-post-thumbnail","7":"category-celebridades","8":"tag-ana-claudia-michels","9":"tag-ana-maria-braga","10":"tag-celebridades","11":"tag-celebrities","12":"tag-celina-locks","13":"tag-entertainment","14":"tag-entretenimento","15":"tag-flavia-alessandra","16":"tag-mariana-ximenes","17":"tag-portugal","18":"tag-pt","19":"tag-ronaldo","20":"tag-silvia-braz"},"share_on_mastodon":{"url":"https:\/\/pubeurope.com\/@pt\/115653716436068365","error":""},"_links":{"self":[{"href":"https:\/\/www.europesays.com\/pt\/wp-json\/wp\/v2\/posts\/173848","targetHints":{"allow":["GET"]}}],"collection":[{"href":"https:\/\/www.europesays.com\/pt\/wp-json\/wp\/v2\/posts"}],"about":[{"href":"https:\/\/www.europesays.com\/pt\/wp-json\/wp\/v2\/types\/post"}],"author":[{"embeddable":true,"href":"https:\/\/www.europesays.com\/pt\/wp-json\/wp\/v2\/users\/2"}],"replies":[{"embeddable":true,"href":"https:\/\/www.europesays.com\/pt\/wp-json\/wp\/v2\/comments?post=173848"}],"version-history":[{"count":0,"href":"https:\/\/www.europesays.com\/pt\/wp-json\/wp\/v2\/posts\/173848\/revisions"}],"wp:featuredmedia":[{"embeddable":true,"href":"https:\/\/www.europesays.com\/pt\/wp-json\/wp\/v2\/media\/173849"}],"wp:attachment":[{"href":"https:\/\/www.europesays.com\/pt\/wp-json\/wp\/v2\/media?parent=173848"}],"wp:term":[{"taxonomy":"category","embeddable":true,"href":"https:\/\/www.europesays.com\/pt\/wp-json\/wp\/v2\/categories?post=173848"},{"taxonomy":"post_tag","embeddable":true,"href":"https:\/\/www.europesays.com\/pt\/wp-json\/wp\/v2\/tags?post=173848"}],"curies":[{"name":"wp","href":"https:\/\/api.w.org\/{rel}","templated":true}]}}