{"id":173854,"date":"2025-12-03T04:30:05","date_gmt":"2025-12-03T04:30:05","guid":{"rendered":"https:\/\/www.europesays.com\/pt\/173854\/"},"modified":"2025-12-03T04:30:05","modified_gmt":"2025-12-03T04:30:05","slug":"dois-estudantes-portugueses-inventaram-robo-que-replanta-florestas-destruidas-pelo-fogo","status":"publish","type":"post","link":"https:\/\/www.europesays.com\/pt\/173854\/","title":{"rendered":"Dois estudantes portugueses inventaram rob\u00f4 que replanta florestas destru\u00eddas pelo fogo"},"content":{"rendered":"<p class=\"wp-caption-text top\">Marta Bernardino \/ Trovador <\/p>\n<p><img decoding=\"async\" loading=\"lazy\" class=\"size-kopa-image-size-3 wp-image-714584\" src=\"https:\/\/www.europesays.com\/pt\/wp-content\/uploads\/2025\/12\/5664f48285899e3b4a8656ba4091a2b0-783x450.jpg\" alt=\"\" width=\"700\" height=\"402\"  \/><\/p>\n<p class=\"wp-caption-text bot\">Marta Bernardino, Sebasti\u00e3o Mendon\u00e7a e o seu Trovador<\/p>\n<p><strong>Dois jovens inovadores portugueses de 19 anos desenvolveram um novo rob\u00f4 de refloresta\u00e7\u00e3o todo-o-terreno, concebido para plantar \u00e1rvores em \u00e1reas devastadas por inc\u00eandios florestais que s\u00e3o demasiado \u00edngremes ou perigosas para que pessoas ou maquinaria pesada consigam chegar.<\/strong><\/p>\n<p>A floresta era o cen\u00e1rio \u00edntimo da inf\u00e2ncia de <strong>Marta Bernardino e Sebasti\u00e3o Mendon\u00e7a<\/strong>, dois jovens de 19 anos, que enquanto cresciam, perto de Lisboa, acreditaram sempre que a <strong>floresta seria uma constante<\/strong> nas suas vidas.<\/p>\n<p>\u201c<strong>Era um parque de divers\u00f5es vivo<\/strong>, onde constru\u00edmos mundos, um santu\u00e1rio onde os conceitos de \u2018import\u00e2ncia\u2019 eram sentidos instintivamente, em vez de serem ensinados\u201d, diz Marta.<\/p>\n<p>Mas, a cada ano, os dois jovens <strong>viam os inc\u00eandios devastar as florestas<\/strong> pr\u00f3ximas das suas casas, deixando para tr\u00e1s encostas cinzentas e queimadas, conta a <a href=\"https:\/\/www.smithsonianmag.com\/innovation\/two-college-students-are-building-a-robot-to-replant-burned-forests-180987751\/\" data-wpel-link=\"external\" target=\"_blank\" rel=\"nofollow external noopener noreferrer\" class=\"ext-link\">Smithsonian Magazine<\/a>.<\/p>\n<p>Desesperados por revitalizar estas florestas, os dois, ent\u00e3o estudantes do ensino secund\u00e1rio, decidiram criar o <a href=\"https:\/\/trovador.eu\/\" data-wpel-link=\"external\" target=\"_blank\" rel=\"nofollow external noopener noreferrer\" class=\"ext-link\">Trovador<\/a> \u2014 um rob\u00f4 de seis patas capaz de alcan\u00e7ar e reflorestar \u00e1reas onde os humanos n\u00e3o conseguiram chegar.<\/p>\n<p>\u201c<strong>As \u00e1rvores s\u00e3o vitais<\/strong>: fornecem-nos oxig\u00e9nio, armazenam carbono, estabilizam o solo e servem de lar \u00e0 vida selvagem do mundo. Para a sa\u00fade do nosso planeta e dos seus habitantes, a sua preserva\u00e7\u00e3o e prote\u00e7\u00e3o deve ser uma prioridade para todos n\u00f3s\u201d, salienta Marta num artigo no <a href=\"https:\/\/medium.com\/@martabernardino1\/trovador-tree-planting-robot-2dc44facae70\" data-wpel-link=\"external\" target=\"_blank\" rel=\"nofollow external noopener noreferrer\" class=\"ext-link\">Medium<\/a>.<\/p>\n<p>\u201cA principal raz\u00e3o pela qual a refloresta\u00e7\u00e3o n\u00e3o est\u00e1 a ser alcan\u00e7ada, para al\u00e9m da m\u00e1 gest\u00e3o florestal, \u00e9 que<strong> o trabalho humano traz muitos desafios<\/strong> em termos de les\u00f5es, manuten\u00e7\u00e3o e capacidade de planta\u00e7\u00e3o\u201d, explica a jovem estudante.<\/p>\n<p>Portugal \u00e9 um dos pa\u00edses europeus<strong> mais afetados por inc\u00eandios florestais<\/strong>. Um <a href=\"https:\/\/www.mdpi.com\/2225-1154\/12\/9\/143\" data-wpel-link=\"external\" target=\"_blank\" rel=\"nofollow external noopener noreferrer\" class=\"ext-link\">estudo<\/a> publicado em 2024 pelo cientista atmosf\u00e9rico <strong>Carlos C. DaCamara<\/strong>, da Universidade de Lisboa, concluiu que <strong>mais de 1,2 milh\u00f5es de acres<\/strong> arderam entre 1980 e 2023, o equivalente a <strong>54% cento do territ\u00f3rio<\/strong>.<\/p>\n<p>S\u00f3 <strong>em 2017, o pa\u00eds perdeu 32.000 acres de cobertura arb\u00f3rea<\/strong>, sendo os inc\u00eandios respons\u00e1veis por 75% dessa destrui\u00e7\u00e3o. Muitos destes fogos ocorrem em zonas de relevo acidentado,<strong> t\u00e3o \u00edngremes que nem volunt\u00e1rios nem equipas<\/strong> de sapadores florestais <strong>lhes conseguem aceder<\/strong>.<\/p>\n<p>\u201cO terreno \u00edngreme<strong> impede a planta\u00e7\u00e3o manual e a chegada de m\u00e1quinas<\/strong> pesadas \u00e0 maioria das \u00e1reas queimadas em Portugal\u201d, explicaram recentemente os dois jovens num <a href=\"https:\/\/www.youtube.com\/watch?v=R74qnMTAI7E\" data-wpel-link=\"external\" target=\"_blank\" rel=\"nofollow external noopener noreferrer\" class=\"ext-link\">v\u00eddeo de crowdfunding<\/a> em que apresentam o projecto.<\/p>\n<p><iframe loading=\"lazy\" title=\"Trovador Crowdfunding Video \ud83d\udcab\" width=\"1200\" height=\"675\" src=\"https:\/\/www.youtube.com\/embed\/R74qnMTAI7E?feature=oembed\" frameborder=\"0\" allow=\"accelerometer; autoplay; clipboard-write; encrypted-media; gyroscope; picture-in-picture; web-share\" referrerpolicy=\"strict-origin-when-cross-origin\" allowfullscreen><\/iframe><\/p>\n<p>Com mais de <strong>60% das florestas portuguesas<\/strong> situadas em encostas dif\u00edceis, os m\u00e9todos convencionais de rearboriza\u00e7\u00e3o t\u00eam tido dificuldades em acompanhar a recorr\u00eancia dos fogos e a degrada\u00e7\u00e3o dos solos.<\/p>\n<p>Os estudantes come\u00e7aram a prototipar o Trovador em 2023. O primeiro prot\u00f3tipo, que <strong>custou 15 euros e foi constru\u00eddo com pe\u00e7as recicladas<\/strong>, plantava pequenas \u00e1rvores 28% mais depressa do que os humanos, com uma taxa de sobreviv\u00eancia reportada de 90 por cento e sem necessidade de cuidados ap\u00f3s a planta\u00e7\u00e3o.<\/p>\n<p>Este primeiro resultado levou a dupla a desenvolver uma <strong>vers\u00e3o mais robusta<\/strong>, capaz de operar de forma aut\u00f3noma em encostas at\u00e9 45 graus, conta Marta \u00e0 Smithsonian Magazine. \u201cConstru\u00edmos robots todo-o-terreno que <strong>transportam pequenas \u00e1rvores \u00e0s costas e as plantam autonomamente<\/strong> em terrenos dif\u00edceis\u201d.<\/p>\n<p>O desenho hex\u00e1pode do Trovador<strong> distribui o peso de forma uniforme pelo solo<\/strong>, evitando a compacta\u00e7\u00e3o associada a tractores ou outros ve\u00edculos pesados, que pode <strong>prejudicar a infiltra\u00e7\u00e3o de \u00e1gua<\/strong> e o fornecimento de oxig\u00e9nio \u00e0s ra\u00edzes.<\/p>\n<p>O rob\u00f4 recorre a uma <strong>c\u00e2mara de profundidade para mapear obst\u00e1culos<\/strong> e ajustar a sua traject\u00f3ria em tempo real, enquanto <strong>um sistema de IA analisa o pH<\/strong> e a humidade do solo antes de iniciar uma sequ\u00eancia de planta\u00e7\u00e3o em tr\u00eas passos: <strong>escavar, colocar, compactar<\/strong>.<\/p>\n<p>A equipa afirma que este m\u00e9todo j\u00e1 foi validado, atingindo taxas de sobreviv\u00eancia de 85 a 90% em ensaios de campo.<\/p>\n<p>T\u00eam sido testados <strong>drones para sementeira a\u00e9rea<\/strong>, mas estes dispersam milhares de sementes por acre<strong> com baixa precis\u00e3o<\/strong>. \u201cOs drones espalham sementes com pouca precis\u00e3o \u2014 <strong>desperdi\u00e7ando um dos recursos naturais mais escassos<\/strong>\u201c, nota Marta. Alguns projectos-piloto registaram taxas de sobreviv\u00eancia entre 0 e 20%.<\/p>\n<p>O Trovador, em vez disso,<strong> planta uma a uma pequenas \u00e1rvores j\u00e1 enraizadas<\/strong>, escolhendo micro-nichos onde a probabilidade de sobreviv\u00eancia \u00e9 maior, o que reduz desperd\u00edcios.<\/p>\n<p>Com capacidade para<strong> plantar at\u00e9 200 \u00e1rvores jovens por hora<\/strong>, o Trovador envia ainda para a nuvem coordenadas GPS, dados sobre o solo e informa\u00e7\u00e3o sobre a bateria, permitindo o acompanhamento remoto. Futuras atualiza\u00e7\u00f5es dever\u00e3o permitir que o rob\u00f4 <strong>evite automaticamente zonas demasiado secas<\/strong> e se concentre em \u00e1reas com melhor potencial de crescimento.<\/p>\n<p>O custo de constru\u00e7\u00e3o deste pequeno rob\u00f4 \u00e9 uma das preocupa\u00e7\u00f5es dos dois jovens inventores \u2014 que planeiam, por\u00e9m, responder a esse desafio oferecendo o Trovador <strong>como um servi\u00e7o e n\u00e3o como produto de hardware<\/strong>.<\/p>\n<p>No modelo que prop\u00f5em, munic\u00edpios, seguradoras, empresas florestais e ONG podem desenhar uma \u00e1rea numa aplica\u00e7\u00e3o, escolher esp\u00e9cies aut\u00f3ctones e receber um <strong>or\u00e7amento para \u201c\u00e1rvores no terreno\u201d<\/strong>.<\/p>\n<p>A equipa espera que esta abordagem venha a ser significativamente mais barata do que a planta\u00e7\u00e3o manual e <strong>mais eficiente em termos de custo<\/strong> do que os m\u00e9todos com drones, se contabilizado o desperd\u00edcio de sementes.<\/p>\n<p>O objetivo dos dois jovens \u00e9 ter o Trovador a operar em grandes projectos de regenera\u00e7\u00e3o de floretsas at\u00e9 2026, criando, nas palavras de Marta, uma refloresta\u00e7\u00e3o \u201c<strong>r\u00e1pida, precisa, audit\u00e1vel e escal\u00e1vel aos milh\u00f5es de hectares<\/strong> que os modelos clim\u00e1ticos dizem que temos de restaurar nesta d\u00e9cada\u201d.<\/p>\n<p>    <a href=\"https:\/\/zap.aeiou.pt\/subscrever-newsletter\" data-wpel-link=\"internal\" rel=\"nofollow noopener\" target=\"_blank\">&#13;<br \/>\n        <img loading=\"lazy\" decoding=\"async\" class=\"aligncenter size-full wp-image-575475\" src=\"https:\/\/www.europesays.com\/pt\/wp-content\/uploads\/2025\/11\/2d51fe4a0ba54894421ead1809309ed9-1-450x140.jpg\" alt=\"Subscreva a Newsletter ZAP\" width=\"450\" height=\"140\"\/>&#13;<br \/>\n    <\/a><\/p>\n<p>                <a href=\"https:\/\/whatsapp.com\/channel\/0029VaIC4EE2f3EJZPPSbR34\" data-wpel-link=\"external\" target=\"_blank\" rel=\"nofollow external noopener noreferrer\" class=\"ext-link\">&#13;<br \/>\n                    <img loading=\"lazy\" decoding=\"async\" class=\"aligncenter size-full wp-image-575475\" src=\"https:\/\/www.europesays.com\/pt\/wp-content\/uploads\/2025\/11\/c68c559d956d4ca20f435ed74a6e71e6.png\" alt=\"Siga-nos no WhatsApp\" width=\"175\" height=\"64\"\/>&#13;<br \/>\n                <\/a><\/p>\n<p>                <a href=\"https:\/\/news.google.com\/publications\/CAAiEHRwZondIV71PDjWNoqMduEqFAgKIhB0cGaJ3SFe9Tw41jaKjHbh?hl=en-US&amp;gl=US&amp;ceid=US%3Aen\" data-wpel-link=\"external\" target=\"_blank\" rel=\"nofollow external noopener noreferrer\" class=\"ext-link\">&#13;<br \/>\n                    <img loading=\"lazy\" decoding=\"async\" class=\"aligncenter size-full wp-image-575475\" src=\"https:\/\/www.europesays.com\/pt\/wp-content\/uploads\/2025\/11\/5123dd8b087b644fdb8f8603acd1bad4.png\" alt=\"Siga-nos no Google News\" width=\"176\" height=\"64\"\/>&#13;<br \/>\n                <\/a><\/p>\n","protected":false},"excerpt":{"rendered":"Marta Bernardino \/ Trovador Marta Bernardino, Sebasti\u00e3o Mendon\u00e7a e o seu Trovador Dois jovens inovadores portugueses de 19&hellip;\n","protected":false},"author":2,"featured_media":173855,"comment_status":"","ping_status":"","sticky":false,"template":"","format":"standard","meta":{"footnotes":""},"categories":[83],"tags":[88,269,89,90,2830,2172,32,33,11874,110],"class_list":{"0":"post-173854","1":"post","2":"type-post","3":"status-publish","4":"format-standard","5":"has-post-thumbnail","7":"category-empresas","8":"tag-business","9":"tag-capa","10":"tag-economy","11":"tag-empresas","12":"tag-incendios","13":"tag-inovacao","14":"tag-portugal","15":"tag-pt","16":"tag-robotica","17":"tag-tecnologia"},"share_on_mastodon":{"url":"https:\/\/pubeurope.com\/@pt\/115653759897022721","error":""},"_links":{"self":[{"href":"https:\/\/www.europesays.com\/pt\/wp-json\/wp\/v2\/posts\/173854","targetHints":{"allow":["GET"]}}],"collection":[{"href":"https:\/\/www.europesays.com\/pt\/wp-json\/wp\/v2\/posts"}],"about":[{"href":"https:\/\/www.europesays.com\/pt\/wp-json\/wp\/v2\/types\/post"}],"author":[{"embeddable":true,"href":"https:\/\/www.europesays.com\/pt\/wp-json\/wp\/v2\/users\/2"}],"replies":[{"embeddable":true,"href":"https:\/\/www.europesays.com\/pt\/wp-json\/wp\/v2\/comments?post=173854"}],"version-history":[{"count":0,"href":"https:\/\/www.europesays.com\/pt\/wp-json\/wp\/v2\/posts\/173854\/revisions"}],"wp:featuredmedia":[{"embeddable":true,"href":"https:\/\/www.europesays.com\/pt\/wp-json\/wp\/v2\/media\/173855"}],"wp:attachment":[{"href":"https:\/\/www.europesays.com\/pt\/wp-json\/wp\/v2\/media?parent=173854"}],"wp:term":[{"taxonomy":"category","embeddable":true,"href":"https:\/\/www.europesays.com\/pt\/wp-json\/wp\/v2\/categories?post=173854"},{"taxonomy":"post_tag","embeddable":true,"href":"https:\/\/www.europesays.com\/pt\/wp-json\/wp\/v2\/tags?post=173854"}],"curies":[{"name":"wp","href":"https:\/\/api.w.org\/{rel}","templated":true}]}}