{"id":173857,"date":"2025-12-03T04:34:19","date_gmt":"2025-12-03T04:34:19","guid":{"rendered":"https:\/\/www.europesays.com\/pt\/173857\/"},"modified":"2025-12-03T04:34:19","modified_gmt":"2025-12-03T04:34:19","slug":"ex-marido-de-gisele-bundchen-compartilha-fotos-de-acao-de-gracas-ao-lado-dos-filhos-fotos","status":"publish","type":"post","link":"https:\/\/www.europesays.com\/pt\/173857\/","title":{"rendered":"Ex-marido de Gisele B\u00fcndchen, compartilha fotos de A\u00e7\u00e3o de Gra\u00e7as ao lado dos filhos; fotos"},"content":{"rendered":"<p><strong><a href=\"https:\/\/caras.com.br\/tags\/tom-brady\" rel=\"nofollow noopener\" target=\"_blank\">Tom Brady<\/a><\/strong> apareceu em clima familiar nas redes sociais ao compartilhar um carrossel de fotos do feriado prolongado. As imagens mostram o ex-quarterback curtindo dias de folga ao lado dos filhos, frutos do antigo casamento com <a href=\"https:\/\/caras.com.br\/tags\/gisele-bundchen\" rel=\"nofollow noopener\" target=\"_blank\"><strong>Gisele B\u00fcndchen<\/strong><\/a>, e dos pais, durante uma visita \u00e0 Universidade de Michigan, onde ele jogou antes de ingressar na NFL.<\/p>\n<p>O momento marcou um reencontro afetivo para o atleta, que retornou \u00e0s tradi\u00e7\u00f5es esportivas do campus durante o fim de semana que marca as celebra\u00e7\u00f5es de A\u00e7\u00e3o de Gra\u00e7as, per\u00edodo em que Brady costuma estar envolvido em transmiss\u00f5es esportivas.<\/p>\n<p>Desta vez, ele conciliou os compromissos profissionais com momentos pessoais ao lado dos familiares. O carrossel traz registros ao lado dos tr\u00eas filhos, <strong>Jack,<\/strong> de 18 anos, <strong>Benjamin,<\/strong> 15, e <strong>Vivian,<\/strong> 12, al\u00e9m dos pais, <strong>Galynn Patricia<\/strong> e <strong>Tom Brady Sr.<\/strong> Tamb\u00e9m aparece a sobrinha <strong>Hannah Brady,<\/strong> atleta da equipe de v\u00f4lei da Divis\u00e3o I dos Wolverines.<\/p>\n<blockquote class=\"instagram-media\" style=\"background: #FFF; border: 0; border-radius: 3px; box-shadow: 0 0 1px 0 rgba(0,0,0,0.5),0 1px 10px 0 rgba(0,0,0,0.15); margin: 1px; max-width: 540px; min-width: 326px; padding: 0; width: calc(100% - 2px);\" data-instgrm-captioned=\"\" data-instgrm-permalink=\"https:\/\/www.instagram.com\/p\/DRuiJy0jZiC\/?utm_source=ig_embed&amp;utm_campaign=loading\" data-instgrm-version=\"14\"><\/blockquote>\n<p>Na legenda, o ex-marido de Gisele B\u00fcndchen descreveu o per\u00edodo como \u201cum fim de semana especial de A\u00e7\u00e3o de Gra\u00e7as com as pessoas que mais amo\u201d, destacando momentos simples como risadas, brincadeiras e refei\u00e7\u00f5es em fam\u00edlia. Ele tamb\u00e9m agradeceu \u00e0 equipe das transmiss\u00f5es de Futebol Americano que participou durante a quinta-feira.<\/p>\n<p>\u201cQue fim de semana especial de A\u00e7\u00e3o de Gra\u00e7as com as pessoas que mais amo! Rindo, brincando, comendo demais\u2026 e desfrutando da nossa fam\u00edlia, futebol e tradi\u00e7\u00e3o no estado de Michigan\u201d, escreveu.<\/p>\n<p>Brady detalhou como foi revisitar Michigan e encontrar antigos colegas. \u201c\u00c9 sempre uma experi\u00eancia t\u00e3o especial estar no campus do Michigan, especialmente agora que j\u00e1 n\u00e3o tenho de fazer exames finais! Temos de ir \u00e0 \u2018big house\u2019 para ver o futebol de Michigan enfrentar uma grande equipa do estado de Ohio\u201d, disse, lembrando ainda do reencontro com amigos e ex-companheiros.<\/p>\n<p>O atleta destacou que dividir isso com os filhos tornou tudo mais significativo. \u201cE partilhar essa experi\u00eancia e todas aquelas mem\u00f3rias com os meus filhos foi um sonho tornado realidade\u201d, afirmou.<\/p>\n<p>Ao final do texto, Brady agradeceu novamente pelas mem\u00f3rias criadas ao longo dos dias e enviou votos de um bom feriado a todos que o acompanham, incluindo (como brincou na legenda) \u201cat\u00e9 as pessoas em Columbus\u201d.<\/p>\n<p>Leia tamb\u00e9m: <a href=\"https:\/\/caras.com.br\/datas-especiais\/ele-cresceu-tom-brady-celebra-os-18-anos-do-filho-mais-velho-com-fotos-ineditas.phtml\" rel=\"nofollow noopener\" target=\"_blank\">Ele cresceu! Tom Brady celebra os 18 anos do filho mais velho com fotos in\u00e9ditas<\/a><\/p>\n<p>        <a href=\"https:\/\/caras.com.br\/autor\/izabella-nicolau\" rel=\"nofollow noopener\" target=\"_blank\">&#13;<br \/>\n          <img loading=\"lazy\" decoding=\"async\" alt=\"Izabella Nicolau\" src=\"https:\/\/www.europesays.com\/pt\/wp-content\/uploads\/2025\/10\/1761546134_794_whatsapp_image_2025-08-12_at_15.10.50_1_sqmd.jpeg\" class=\"avatar avatar-115 photo rounded-circle\" height=\"115\" width=\"115\"\/>        <\/a><\/p>\n<p><strong>Izabella Nicolau<\/strong> \u00e9 rep\u00f3rter de conte\u00fado do site CARAS. Formada em jornalismo, j\u00e1 passou por sites como Observat\u00f3rio do Cinema e Ultraverso. Escreve sobre cultura, entretenimento e celebridades.<\/p>\n<ul class=\"terms-list post_tag list-inline\">\n<li class=\"gisele-bundchen list-inline-item\">\n\t\t\t\t\t<a href=\"https:\/\/caras.com.br\/tags\/gisele-bundchen_1\" class=\"item-category\" rel=\"nofollow noopener\" target=\"_blank\">gisele bundchen<\/a>\n\t\t\t\t<\/li>\n<li class=\"tom-brady list-inline-item\">\n\t\t\t\t\t<a href=\"https:\/\/caras.com.br\/tags\/tom-brady\" class=\"item-category\" rel=\"nofollow noopener\" target=\"_blank\">tom brady<\/a>\n\t\t\t\t<\/li>\n<\/ul>\n<p>\t                                            <script async src=\"\/\/www.instagram.com\/embed.js\"><\/script><\/p>\n","protected":false},"excerpt":{"rendered":"Tom Brady apareceu em clima familiar nas redes sociais ao compartilhar um carrossel de fotos do feriado prolongado.&hellip;\n","protected":false},"author":2,"featured_media":173858,"comment_status":"","ping_status":"","sticky":false,"template":"","format":"standard","meta":{"footnotes":""},"categories":[145],"tags":[211,210,114,115,12115,32,33,36256],"class_list":{"0":"post-173857","1":"post","2":"type-post","3":"status-publish","4":"format-standard","5":"has-post-thumbnail","7":"category-celebridades","8":"tag-celebridades","9":"tag-celebrities","10":"tag-entertainment","11":"tag-entretenimento","12":"tag-gisele-bundchen","13":"tag-portugal","14":"tag-pt","15":"tag-tom-brady"},"share_on_mastodon":{"url":"https:\/\/pubeurope.com\/@pt\/115653775664922846","error":""},"_links":{"self":[{"href":"https:\/\/www.europesays.com\/pt\/wp-json\/wp\/v2\/posts\/173857","targetHints":{"allow":["GET"]}}],"collection":[{"href":"https:\/\/www.europesays.com\/pt\/wp-json\/wp\/v2\/posts"}],"about":[{"href":"https:\/\/www.europesays.com\/pt\/wp-json\/wp\/v2\/types\/post"}],"author":[{"embeddable":true,"href":"https:\/\/www.europesays.com\/pt\/wp-json\/wp\/v2\/users\/2"}],"replies":[{"embeddable":true,"href":"https:\/\/www.europesays.com\/pt\/wp-json\/wp\/v2\/comments?post=173857"}],"version-history":[{"count":0,"href":"https:\/\/www.europesays.com\/pt\/wp-json\/wp\/v2\/posts\/173857\/revisions"}],"wp:featuredmedia":[{"embeddable":true,"href":"https:\/\/www.europesays.com\/pt\/wp-json\/wp\/v2\/media\/173858"}],"wp:attachment":[{"href":"https:\/\/www.europesays.com\/pt\/wp-json\/wp\/v2\/media?parent=173857"}],"wp:term":[{"taxonomy":"category","embeddable":true,"href":"https:\/\/www.europesays.com\/pt\/wp-json\/wp\/v2\/categories?post=173857"},{"taxonomy":"post_tag","embeddable":true,"href":"https:\/\/www.europesays.com\/pt\/wp-json\/wp\/v2\/tags?post=173857"}],"curies":[{"name":"wp","href":"https:\/\/api.w.org\/{rel}","templated":true}]}}