{"id":173870,"date":"2025-12-03T05:10:14","date_gmt":"2025-12-03T05:10:14","guid":{"rendered":"https:\/\/www.europesays.com\/pt\/173870\/"},"modified":"2025-12-03T05:10:14","modified_gmt":"2025-12-03T05:10:14","slug":"a-homenagem-que-emocionou-a-plateia-nos-dragoes-de-ouro","status":"publish","type":"post","link":"https:\/\/www.europesays.com\/pt\/173870\/","title":{"rendered":"A homenagem que emocionou a plateia nos Drag\u00f5es de Ouro"},"content":{"rendered":"<p data-remotead-prev-elm=\"true\" data-remotead-elm-id=\"inread\">O F. C. Porto realizou na segunda-feira \u00e0 noite a gala anual Drag\u00f5es de Ouro, na qual premeou uma s\u00e9rie de figuras distintas do clube, desde atletas, s\u00f3cios ou at\u00e9 funcion\u00e1rios.<\/p>\n<blockquote data-type=\"articles\" data-id=\"related-article-18025962\"><p>\n              <strong>Leia tamb\u00e9m <\/strong><br \/>\n              <a href=\"https:\/\/www.jn.pt\/desporto\/artigo\/f-c-porto-elege-rodrigo-mora-como-futebolista-do-ano\/18025962\" rel=\"nofollow noopener\" target=\"_blank\">F. C. Porto elege Rodrigo Mora como &#8220;Futebolista do Ano&#8221;<\/a>\n            <\/p><\/blockquote>\n<p>A cerim\u00f3nia ficou, ainda, marcada por homenagens, com especial destaque para &#8220;A quem tanto nos deu&#8221; dedicada a Jorge Nuno Pinto da Costa, Jorge Costa, Diogo Jota e Andr\u00e9 Silva, que, cada um \u00e0 sua medida, marcou um trajeto ao servi\u00e7o dos azuis e brancos.<\/p>\n<p>Na plateia houve rea\u00e7\u00f5es muito fortes e emocionadas, incluindo Estela Rito Costa, vi\u00fava de Jorge Costa, Jo\u00e3o Pinto, Andr\u00e9 Villas-Boas e Francesco Farioli. No final, ap\u00f3s terminar o v\u00eddeo, toda a plateia levantou-se para um aplauso sentido.<\/p>\n<blockquote data-type=\"articles\" data-id=\"related-article-18026021\"><p>\n              <strong>Leia tamb\u00e9m <\/strong><br \/>\n              <a href=\"https:\/\/www.jn.pt\/desporto\/artigo\/estela-costa-o-jorge-esperou-20-anos-para-regressar-a-casa-regressou-gracas-ao-presidente-andre\/18026021\" rel=\"nofollow noopener\" target=\"_blank\">Estela Costa: &#8220;O Jorge esperou 20 anos para regressar a casa. Regressou gra\u00e7as ao presidente Andr\u00e9&#8221;<\/a>\n            <\/p><\/blockquote>\n<p>De recordar que na abertura da gala, Andr\u00e9 Villas-Boas, presidente do F. C. Porto, j\u00e1 tinha feito um discurso na qual relembrou a mem\u00f3ria das quatro figuras dos azuis e brancos que partiram este ano.<\/p>\n<p data-remotead-prev-elm=\"true\" data-remotead-elm-id=\"centro2\">&#8220;Nos \u00faltimos meses, o F. C. Porto perdeu duas grandes figuras que na sua hist\u00f3ria marcaram profundamente a nossa vida associativa. Partiu Pinto da Costa, o Presidente dos Presidentes, o homem que transformou este clube numa refer\u00eancia mundial, que acreditou sempre que o F. C. Porto podia ser muito maior e que nos guiou em d\u00e9cadas de conquistas, \u00e0 data de hoje, as mais importantes do futebol portugu\u00eas. Jorge Nuno Pinto da Costa foi o maior dirigente desportivo do futebol mundial e o maior Presidente da Hist\u00f3ria do FC Porto&#8221;, come\u00e7ou por dizer o dirigente azul e branco, recordando tamb\u00e9m o lend\u00e1rio &#8220;Bicho&#8221;.<\/p>\n<p>&#8220;Partiu tamb\u00e9m o nosso querido Jorge Costa &#8211; o nosso Bicho &#8211; capit\u00e3o e dirigente, exemplo de coragem, de lealdade e de paix\u00e3o pelo emblema; de um amor profundo pelo seu Clube, pelas tradi\u00e7\u00f5es do Porto e do F. C. Porto. Formado na Casa, jogador da Casa e ve\u00edculo transmissor de energia, de nobreza e de alegria. &#8216;Adoro isto, adoro o balne\u00e1rio&#8217;, dizia frequentemente, e com saudade. Se h\u00e1 algu\u00e9m que nos inspira como ningu\u00e9m, \u00e9s tu, meu querido amigo Jorge&#8221;, acresencentou, n\u00e3o esquecendo ainda a tr\u00e1gica perda dos irm\u00e3os Diogo Jota e Andr\u00e9 Silva.<\/p>\n<p>&#8220;E perdemos ainda dois jovens que levaram o nome do F. C. Porto muito longe: Diogo Jota e Andr\u00e9 Silva, talentos que partiram demasiado cedo, mas que deixaram um rasto de orgulho em todos n\u00f3s. Estas perdas doem. Tocam-nos como portistas e como pessoas. Mas, ao mesmo tempo, obrigam-nos a olhar para o legado que deixaram e a transform\u00e1-lo em responsabilidade. Sem mem\u00f3ria, n\u00e3o h\u00e1 hist\u00f3ria. Sem mem\u00f3ria, n\u00e3o h\u00e1 futuro&#8221;, concluiu.<\/p>\n","protected":false},"excerpt":{"rendered":"O F. C. Porto realizou na segunda-feira \u00e0 noite a gala anual Drag\u00f5es de Ouro, na qual premeou&hellip;\n","protected":false},"author":2,"featured_media":173871,"comment_status":"","ping_status":"","sticky":false,"template":"","format":"standard","meta":{"footnotes":""},"categories":[87],"tags":[135,36116,20558,32,33,134],"class_list":{"0":"post-173870","1":"post","2":"type-post","3":"status-publish","4":"format-standard","5":"has-post-thumbnail","7":"category-desporto","8":"tag-desporto","9":"tag-dragoes-de-ouro","10":"tag-f-c-porto","11":"tag-portugal","12":"tag-pt","13":"tag-sports"},"share_on_mastodon":{"url":"https:\/\/pubeurope.com\/@pt\/115653916966878195","error":""},"_links":{"self":[{"href":"https:\/\/www.europesays.com\/pt\/wp-json\/wp\/v2\/posts\/173870","targetHints":{"allow":["GET"]}}],"collection":[{"href":"https:\/\/www.europesays.com\/pt\/wp-json\/wp\/v2\/posts"}],"about":[{"href":"https:\/\/www.europesays.com\/pt\/wp-json\/wp\/v2\/types\/post"}],"author":[{"embeddable":true,"href":"https:\/\/www.europesays.com\/pt\/wp-json\/wp\/v2\/users\/2"}],"replies":[{"embeddable":true,"href":"https:\/\/www.europesays.com\/pt\/wp-json\/wp\/v2\/comments?post=173870"}],"version-history":[{"count":0,"href":"https:\/\/www.europesays.com\/pt\/wp-json\/wp\/v2\/posts\/173870\/revisions"}],"wp:featuredmedia":[{"embeddable":true,"href":"https:\/\/www.europesays.com\/pt\/wp-json\/wp\/v2\/media\/173871"}],"wp:attachment":[{"href":"https:\/\/www.europesays.com\/pt\/wp-json\/wp\/v2\/media?parent=173870"}],"wp:term":[{"taxonomy":"category","embeddable":true,"href":"https:\/\/www.europesays.com\/pt\/wp-json\/wp\/v2\/categories?post=173870"},{"taxonomy":"post_tag","embeddable":true,"href":"https:\/\/www.europesays.com\/pt\/wp-json\/wp\/v2\/tags?post=173870"}],"curies":[{"name":"wp","href":"https:\/\/api.w.org\/{rel}","templated":true}]}}