{"id":173878,"date":"2025-12-03T05:46:28","date_gmt":"2025-12-03T05:46:28","guid":{"rendered":"https:\/\/www.europesays.com\/pt\/173878\/"},"modified":"2025-12-03T05:46:28","modified_gmt":"2025-12-03T05:46:28","slug":"a-recuperar-de-avc-nuno-markl-anuncia-decisao-ate-por-conselho-medico","status":"publish","type":"post","link":"https:\/\/www.europesays.com\/pt\/173878\/","title":{"rendered":"A recuperar de AVC, Nuno Markl anuncia decis\u00e3o: &#8220;At\u00e9 por conselho m\u00e9dico&#8221;"},"content":{"rendered":"<p>Particularmente ativo no Instagram, Nuno Markl vai estar mais ausente desta rede social. A decis\u00e3o foi anunciada pelo pr\u00f3prio humorista, esta ter\u00e7a-feira, dia 2, atrav\u00e9s de uma mensagem publicada naquela plataforma.<\/p>\n<p>&#8220;Malta, at\u00e9 por conselho m\u00e9dico, vou estar um pouco mais arredado desta app. Espero que compreendam. Irei dizendo coisas de vez em quando, mas parte do tratamento passa por um detox de redes sociais e do caos que vem com elas&#8221;, contou <a href=\"https:\/\/selfie.iol.pt\/famosos\/nuno-markl\/nuno-markl-faz-inusitada-partilha-nunca-funcionou-tao-mal\/20251202\/692e2206d34e2bd5c6d4a168\" target=\"_blank\" rel=\"nofollow noopener\">Nuno Markl<\/a>, que sofreu um AVC a 20 de novembro.<\/p>\n<p>Sublinhando que este &#8220;\u00e9 um conselho v\u00e1lido tamb\u00e9m para quem n\u00e3o&#8221; est\u00e1 na mesma situa\u00e7\u00e3o do que ele, o radialista falou ainda sobre o momento que est\u00e1 a viver. &#8220;Agrade\u00e7o todo o vosso curativo amor, mas esta altura pede que me dedique um pouco mais a mim e aos meus. Est\u00e1 tudo bem encaminhado, mas \u00e9 um processo com trabalhinho duro pela frente. Abra\u00e7o-o com entusiasmo&#8221;, disse <a href=\"https:\/\/selfie.iol.pt\/famosos\/nuno-markl\/internado-nuno-markl-recebe-mensagem-de-estrela-mundial-foi-tao-bom-sentir-a-gentileza\/20251201\/692d9a2fd34e2bd5c6d49d87\" target=\"_blank\" rel=\"nofollow noopener\">Nuno Markl<\/a>, terminando com &#8220;um valente at\u00e9 j\u00e1&#8221; e a promessa de que voltar\u00e1.<\/p>\n<blockquote class=\"instagram-media\" data-instgrm-captioned=\"\" data-instgrm-permalink=\"https:\/\/www.instagram.com\/p\/DRxYA1vjF1x\/?utm_source=ig_embed&amp;utm_campaign=loading\" data-instgrm-version=\"14\" style=\" background:#FFF; border:0; border-radius:3px; box-shadow:0 0 1px 0 rgba(0,0,0,0.5),0 1px 10px 0 rgba(0,0,0,0.15); margin: 1px; max-width:540px; min-width:326px; padding:0; width:99.375%; width:-webkit-calc(100% - 2px); width:calc(100% - 2px);\">\n<\/blockquote>\n<p>\u00a0<\/p>\n<p>                        <script async src=\"\/\/www.instagram.com\/embed.js\"><\/script><\/p>\n","protected":false},"excerpt":{"rendered":"Particularmente ativo no Instagram, Nuno Markl vai estar mais ausente desta rede social. A decis\u00e3o foi anunciada pelo&hellip;\n","protected":false},"author":2,"featured_media":173879,"comment_status":"","ping_status":"","sticky":false,"template":"","format":"standard","meta":{"footnotes":""},"categories":[145],"tags":[1493,211,210,114,115,980,6250,1015,619,11435,32,33,27853,1012],"class_list":{"0":"post-173878","1":"post","2":"type-post","3":"status-publish","4":"format-standard","5":"has-post-thumbnail","7":"category-celebridades","8":"tag-avc","9":"tag-celebridades","10":"tag-celebrities","11":"tag-entertainment","12":"tag-entretenimento","13":"tag-famosos","14":"tag-humorista","15":"tag-instagram","16":"tag-nacional","17":"tag-nuno-markl","18":"tag-portugal","19":"tag-pt","20":"tag-radialista","21":"tag-selfie"},"share_on_mastodon":{"url":"https:\/\/pubeurope.com\/@pt\/115654058539896535","error":""},"_links":{"self":[{"href":"https:\/\/www.europesays.com\/pt\/wp-json\/wp\/v2\/posts\/173878","targetHints":{"allow":["GET"]}}],"collection":[{"href":"https:\/\/www.europesays.com\/pt\/wp-json\/wp\/v2\/posts"}],"about":[{"href":"https:\/\/www.europesays.com\/pt\/wp-json\/wp\/v2\/types\/post"}],"author":[{"embeddable":true,"href":"https:\/\/www.europesays.com\/pt\/wp-json\/wp\/v2\/users\/2"}],"replies":[{"embeddable":true,"href":"https:\/\/www.europesays.com\/pt\/wp-json\/wp\/v2\/comments?post=173878"}],"version-history":[{"count":0,"href":"https:\/\/www.europesays.com\/pt\/wp-json\/wp\/v2\/posts\/173878\/revisions"}],"wp:featuredmedia":[{"embeddable":true,"href":"https:\/\/www.europesays.com\/pt\/wp-json\/wp\/v2\/media\/173879"}],"wp:attachment":[{"href":"https:\/\/www.europesays.com\/pt\/wp-json\/wp\/v2\/media?parent=173878"}],"wp:term":[{"taxonomy":"category","embeddable":true,"href":"https:\/\/www.europesays.com\/pt\/wp-json\/wp\/v2\/categories?post=173878"},{"taxonomy":"post_tag","embeddable":true,"href":"https:\/\/www.europesays.com\/pt\/wp-json\/wp\/v2\/tags?post=173878"}],"curies":[{"name":"wp","href":"https:\/\/api.w.org\/{rel}","templated":true}]}}