{"id":173890,"date":"2025-12-03T06:43:10","date_gmt":"2025-12-03T06:43:10","guid":{"rendered":"https:\/\/www.europesays.com\/pt\/173890\/"},"modified":"2025-12-03T06:43:10","modified_gmt":"2025-12-03T06:43:10","slug":"como-vitoria-em-premio-coloca-wagner-moura-com-ainda-mais-forca-no-oscar","status":"publish","type":"post","link":"https:\/\/www.europesays.com\/pt\/173890\/","title":{"rendered":"Como vit\u00f3ria em pr\u00eamio coloca Wagner Moura com ainda mais for\u00e7a no Oscar"},"content":{"rendered":"<p>A vit\u00f3ria de Wagner Moura e O Agente Secreto na premia\u00e7\u00e3o realizada pela New York Film Critics Circle (Associa\u00e7\u00e3o de Cr\u00edticos de Nova York) nesta ter\u00e7a-feira (2) pode ajudar o ator brasileiro e o filme dirigido por Kleber Mendon\u00e7a Filho na disputa pelo Oscar.<\/p>\n<p>Isso porque, desde 2000, 19 dos 25 vencedores do NYFCC, ou seja, 76%, foram indicados posteriormente ao Oscar. J\u00e1 sete desses 25 vencedores do NYFCC, 28%, garantiram uma estatueta na premia\u00e7\u00e3o mais importante do cinema mundial.<\/p>\n<p>+\u00a0<a href=\"https:\/\/natelinha.uol.com.br\/a-fazenda\/2025\/12\/02\/a-fazenda-saory-descobre-que-dudu-esta-na-mira-e-planeja-vinganca-234717.php\" rel=\"nofollow noopener\" target=\"_blank\">A Fazenda: Saory descobre que Dudu est\u00e1 na mira e planeja vingan\u00e7a<\/a><\/p>\n<p>continua depois da publicidade<\/p>\n<p>+\u00a0<a href=\"https:\/\/natelinha.uol.com.br\/famosos\/2025\/12\/02\/caua-reymond-detalha-relacao-com-a-filha-mais-madura-que-eu-234714.php\" rel=\"nofollow noopener\" target=\"_blank\">Cau\u00e3 Reymond detalha rela\u00e7\u00e3o com a filha: &#8220;Mais madura que eu&#8221;<\/a><\/p>\n<p>Em setembro, a Academia Brasileira de Cinema anunciou que O Agente Secreto \u00e9 o representante do Brasil na categoria de melhor filme internacional no Oscar 2026. Os selecionados da premia\u00e7\u00e3o mais importante do cinema s\u00f3 ser\u00e3o revelados em janeiro.<\/p>\n<p>Wagner Moura foi primeiro latino eleito Melhor Ator pela NYFCC<\/p>\n<p><a href=\"https:\/\/natelinha.uol.com.br\/natelona\/2025\/12\/02\/wagner-moura-e-o-agente-secreto-vencem-um-dos-premios-mais-importantes-dos-eua-234694.php\" rel=\"nofollow noopener\" target=\"_blank\">Wagner Moura j\u00e1 fez hist\u00f3ria na New York Film Critics Circle, pois foi o primeiro latino a vencer<\/a> a categoria de Melhor Ator em 90 anos. No quesito Melhor Filme Internacional, \u00e9 a quarta vez que um longa do Brasil leva a melhor.<\/p>\n<p>Anteriormente, j\u00e1 tinham sido premiados: Pixote &#8211; A Lei do Mais Fraco (1980), de Hector Babenco; Cidade de Deus (2002), de Fernando Meirelles e K\u00e1tia Lund; e Bacurau (2019), tamb\u00e9m de Kleber Mendon\u00e7a Filho.<\/p>\n<p>continua depois da publicidade<\/p>\n<p>Nas redes sociais, os brasileiros vibraram. &#8220;Latino, brasileiro e baiano . Que del\u00edcia&#8221;, comemorou Lucia. &#8220;Estou super feliz, torcendo bastante&#8221;, afirmou Nidia. &#8220;O Brasil segue quebrado barreiras&#8221;, destacou Gabi. &#8220;Merecido&#8221;, declarou Tici.<\/p>\n<p>Confira a repercuss\u00e3o:<\/p>\n<blockquote class=\"twitter-tweet\" data-lang=\"pt\" data-width=\"550\" width=\"550\"><p>\n\t\t\t\t\t\t\t\t\t<a href=\"https:\/\/twitter.com\/oxentepipoca\/status\/1995906348354023895\" rel=\"nofollow noopener\" target=\"_blank\">oxentepipoca<\/a>\n\t\t\t\t\t\t\t   <\/p><\/blockquote>\n<p>                    <script async src=\"https:\/\/platform.twitter.com\/widgets.js\" charset=\"utf-8\"><\/script><\/p>\n","protected":false},"excerpt":{"rendered":"A vit\u00f3ria de Wagner Moura e O Agente Secreto na premia\u00e7\u00e3o realizada pela New York Film Critics Circle&hellip;\n","protected":false},"author":2,"featured_media":173891,"comment_status":"","ping_status":"","sticky":false,"template":"","format":"standard","meta":{"footnotes":""},"categories":[145],"tags":[211,210,114,115,2158,32,33,12348],"class_list":{"0":"post-173890","1":"post","2":"type-post","3":"status-publish","4":"format-standard","5":"has-post-thumbnail","7":"category-celebridades","8":"tag-celebridades","9":"tag-celebrities","10":"tag-entertainment","11":"tag-entretenimento","12":"tag-o-agente-secreto","13":"tag-portugal","14":"tag-pt","15":"tag-wagner-moura"},"share_on_mastodon":{"url":"https:\/\/pubeurope.com\/@pt\/115654282619895234","error":""},"_links":{"self":[{"href":"https:\/\/www.europesays.com\/pt\/wp-json\/wp\/v2\/posts\/173890","targetHints":{"allow":["GET"]}}],"collection":[{"href":"https:\/\/www.europesays.com\/pt\/wp-json\/wp\/v2\/posts"}],"about":[{"href":"https:\/\/www.europesays.com\/pt\/wp-json\/wp\/v2\/types\/post"}],"author":[{"embeddable":true,"href":"https:\/\/www.europesays.com\/pt\/wp-json\/wp\/v2\/users\/2"}],"replies":[{"embeddable":true,"href":"https:\/\/www.europesays.com\/pt\/wp-json\/wp\/v2\/comments?post=173890"}],"version-history":[{"count":0,"href":"https:\/\/www.europesays.com\/pt\/wp-json\/wp\/v2\/posts\/173890\/revisions"}],"wp:featuredmedia":[{"embeddable":true,"href":"https:\/\/www.europesays.com\/pt\/wp-json\/wp\/v2\/media\/173891"}],"wp:attachment":[{"href":"https:\/\/www.europesays.com\/pt\/wp-json\/wp\/v2\/media?parent=173890"}],"wp:term":[{"taxonomy":"category","embeddable":true,"href":"https:\/\/www.europesays.com\/pt\/wp-json\/wp\/v2\/categories?post=173890"},{"taxonomy":"post_tag","embeddable":true,"href":"https:\/\/www.europesays.com\/pt\/wp-json\/wp\/v2\/tags?post=173890"}],"curies":[{"name":"wp","href":"https:\/\/api.w.org\/{rel}","templated":true}]}}