{"id":173892,"date":"2025-12-03T06:46:10","date_gmt":"2025-12-03T06:46:10","guid":{"rendered":"https:\/\/www.europesays.com\/pt\/173892\/"},"modified":"2025-12-03T06:46:10","modified_gmt":"2025-12-03T06:46:10","slug":"mae-e-filho-bruna-e-ines-acreditam-que-pedro-e-marisa-podem-ser-familia-secret-story","status":"publish","type":"post","link":"https:\/\/www.europesays.com\/pt\/173892\/","title":{"rendered":"\u00abM\u00e3e e filho\u00bb Bruna e In\u00eas acreditam que Pedro e Marisa podem ser fam\u00edlia &#8211; Secret Story"},"content":{"rendered":"<p>No <strong>Secret Story 9<\/strong>, Bruna e In\u00eas mostram-se cada vez mais perto do segredo de Pedro e Marisa. As concorrentes come\u00e7am por ponderar que os dois s\u00e3o m\u00e3e e filho e acabam na hip\u00f3tese de serem um casal.<\/p>\n<p>Esta semana, quatro concorrentes est\u00e3o nomeados e em risco de expuls\u00e3o. <strong>Pode votar na APP oficial do TVI reality ou atrav\u00e9s das linhas telef\u00f3nicas<\/strong>.<\/p>\n<p><strong>VOTE PARA SALVAR:<\/strong><\/p>\n<p><strong>BRUNA\u00a0 \u2013\u00a0 761 20 20 03<br \/>LILIANA\u00a0 \u2013\u00a0 761 20 20 14<br \/>MARISA\u00a0 \u2013\u00a0 761 20 20 16<br \/>PEDRO\u00a0 \u2013\u00a0 761 20 20 18<\/strong><\/p>\n<p><strong><a href=\"https:\/\/tvi.iol.pt\/secretstory\/aominuto\" rel=\"nofollow noopener\" target=\"_blank\">Acompanhe aqui tudo o que se passa no Secret Story 9<\/a><\/strong><\/p>\n","protected":false},"excerpt":{"rendered":"No Secret Story 9, Bruna e In\u00eas mostram-se cada vez mais perto do segredo de Pedro e Marisa.&hellip;\n","protected":false},"author":2,"featured_media":173893,"comment_status":"","ping_status":"","sticky":false,"template":"","format":"standard","meta":{"footnotes":""},"categories":[142],"tags":[1997,114,115,19033,15353,19034,32,33,151,19032],"class_list":{"0":"post-173892","1":"post","2":"type-post","3":"status-publish","4":"format-standard","5":"has-post-thumbnail","7":"category-tv","8":"tag-bruna","9":"tag-entertainment","10":"tag-entretenimento","11":"tag-galas-em-video","12":"tag-ines","13":"tag-melhores-momentos-casa-dos-segredos","14":"tag-portugal","15":"tag-pt","16":"tag-tv","17":"tag-videos-secret-story-tvi"},"share_on_mastodon":{"url":"https:\/\/pubeurope.com\/@pt\/115654294444308411","error":""},"_links":{"self":[{"href":"https:\/\/www.europesays.com\/pt\/wp-json\/wp\/v2\/posts\/173892","targetHints":{"allow":["GET"]}}],"collection":[{"href":"https:\/\/www.europesays.com\/pt\/wp-json\/wp\/v2\/posts"}],"about":[{"href":"https:\/\/www.europesays.com\/pt\/wp-json\/wp\/v2\/types\/post"}],"author":[{"embeddable":true,"href":"https:\/\/www.europesays.com\/pt\/wp-json\/wp\/v2\/users\/2"}],"replies":[{"embeddable":true,"href":"https:\/\/www.europesays.com\/pt\/wp-json\/wp\/v2\/comments?post=173892"}],"version-history":[{"count":0,"href":"https:\/\/www.europesays.com\/pt\/wp-json\/wp\/v2\/posts\/173892\/revisions"}],"wp:featuredmedia":[{"embeddable":true,"href":"https:\/\/www.europesays.com\/pt\/wp-json\/wp\/v2\/media\/173893"}],"wp:attachment":[{"href":"https:\/\/www.europesays.com\/pt\/wp-json\/wp\/v2\/media?parent=173892"}],"wp:term":[{"taxonomy":"category","embeddable":true,"href":"https:\/\/www.europesays.com\/pt\/wp-json\/wp\/v2\/categories?post=173892"},{"taxonomy":"post_tag","embeddable":true,"href":"https:\/\/www.europesays.com\/pt\/wp-json\/wp\/v2\/tags?post=173892"}],"curies":[{"name":"wp","href":"https:\/\/api.w.org\/{rel}","templated":true}]}}