{"id":173895,"date":"2025-12-03T06:55:17","date_gmt":"2025-12-03T06:55:17","guid":{"rendered":"https:\/\/www.europesays.com\/pt\/173895\/"},"modified":"2025-12-03T06:55:17","modified_gmt":"2025-12-03T06:55:17","slug":"carro-descontrolado-so-parou-no-interior-de-uma-pastelaria-em-fafe","status":"publish","type":"post","link":"https:\/\/www.europesays.com\/pt\/173895\/","title":{"rendered":"Carro descontrolado s\u00f3 parou no interior de uma pastelaria em Fafe"},"content":{"rendered":"<p data-remotead-prev-elm=\"true\" data-remotead-elm-id=\"inread\">A condutora ter\u00e1 perdido o controlo do carro numa curva, num momento em que o piso estava molhado devido \u00e0 forte chuva que ca\u00eda. O ve\u00edculo subiu um passeio, derrubou uma \u00e1rvore, bateu numa cobertura do estacionamento de um supermercado e atingiu uma carrinha, antes de entrar pela montra de uma pastelaria e se imobilizar. Os Bombeiros Volunt\u00e1rios de Fafe foram obrigados a cortar o teto da viatura para retirar a jovem.<\/p>\n<p><img decoding=\"async\" class=\"ngx-body\" guid=\"c914886e-4d78-4a28-89aa-bff30abcab6c\" src=\"https:\/\/www.europesays.com\/pt\/wp-content\/uploads\/2025\/12\/1764744917_344_image.webp\" width=\"100%\"\/><\/p>\n<p>O carro, com a condutora presa no interior, ficou pendurado, metade dentro do estabelecimento e o resto suspenso sobre a rampa da garagem do pr\u00e9dio. A curva onde aconteceu o acidente, no sentido descendente da rua dos Aliados, junto ao supermercado Pingo Doce, \u00e9 conhecida por ser um local de sinistralidade.<\/p>\n<p data-remotead-prev-elm=\"true\" data-remotead-elm-id=\"centro1\"><img decoding=\"async\" class=\"ngx-body\" guid=\"411cc2d4-9a90-4600-ae18-4c9edeaefcbd\" src=\"https:\/\/www.europesays.com\/pt\/wp-content\/uploads\/2025\/12\/1764744917_310_image.webp\" width=\"100%\"\/><\/p>\n<p>A condutora sofreu ferimentos graves e para ser retirada do autom\u00f3vel, os bombeiros tiveram de cortar o tejadilho. No interior da pastelaria estava um homem de 70 anos, que sofreu ferimentos ligeiros. Um dos bombeiros da corpora\u00e7\u00e3o fafense que prestaram socorro tamb\u00e9m sofreu ferimentos considerados ligeiros. Os feridos foram transportados ao Hospital de Guimar\u00e3es.<\/p>\n<p>No socorro estiveram 11 elementos dos Bombeiros Volunt\u00e1rios de Fafe, apoiados por tr\u00eas viaturas, al\u00e9m da ambul\u00e2ncia de Suporte Imediato de Vida do INEM de Fafe e da GNR.<\/p>\n","protected":false},"excerpt":{"rendered":"A condutora ter\u00e1 perdido o controlo do carro numa curva, num momento em que o piso estava molhado&hellip;\n","protected":false},"author":2,"featured_media":173896,"comment_status":"","ping_status":"","sticky":false,"template":"","format":"standard","meta":{"footnotes":""},"categories":[10],"tags":[32643,1455,27,28,25529,15,16,14,25,26,21,22,12,13,19,20,32,23,24,33,17,18,29,30,31],"class_list":{"0":"post-173895","1":"post","2":"type-post","3":"status-publish","4":"format-standard","5":"has-post-thumbnail","7":"category-portugal","8":"tag-acidente-de-viacao","9":"tag-acidentes","10":"tag-breaking-news","11":"tag-breakingnews","12":"tag-concelho-fafe","13":"tag-featured-news","14":"tag-featurednews","15":"tag-headlines","16":"tag-latest-news","17":"tag-latestnews","18":"tag-main-news","19":"tag-mainnews","20":"tag-news","21":"tag-noticias","22":"tag-noticias-principais","23":"tag-noticiasprincipais","24":"tag-portugal","25":"tag-principais-noticias","26":"tag-principaisnoticias","27":"tag-pt","28":"tag-top-stories","29":"tag-topstories","30":"tag-ultimas","31":"tag-ultimas-noticias","32":"tag-ultimasnoticias"},"share_on_mastodon":{"url":"https:\/\/pubeurope.com\/@pt\/115654330085525440","error":""},"_links":{"self":[{"href":"https:\/\/www.europesays.com\/pt\/wp-json\/wp\/v2\/posts\/173895","targetHints":{"allow":["GET"]}}],"collection":[{"href":"https:\/\/www.europesays.com\/pt\/wp-json\/wp\/v2\/posts"}],"about":[{"href":"https:\/\/www.europesays.com\/pt\/wp-json\/wp\/v2\/types\/post"}],"author":[{"embeddable":true,"href":"https:\/\/www.europesays.com\/pt\/wp-json\/wp\/v2\/users\/2"}],"replies":[{"embeddable":true,"href":"https:\/\/www.europesays.com\/pt\/wp-json\/wp\/v2\/comments?post=173895"}],"version-history":[{"count":0,"href":"https:\/\/www.europesays.com\/pt\/wp-json\/wp\/v2\/posts\/173895\/revisions"}],"wp:featuredmedia":[{"embeddable":true,"href":"https:\/\/www.europesays.com\/pt\/wp-json\/wp\/v2\/media\/173896"}],"wp:attachment":[{"href":"https:\/\/www.europesays.com\/pt\/wp-json\/wp\/v2\/media?parent=173895"}],"wp:term":[{"taxonomy":"category","embeddable":true,"href":"https:\/\/www.europesays.com\/pt\/wp-json\/wp\/v2\/categories?post=173895"},{"taxonomy":"post_tag","embeddable":true,"href":"https:\/\/www.europesays.com\/pt\/wp-json\/wp\/v2\/tags?post=173895"}],"curies":[{"name":"wp","href":"https:\/\/api.w.org\/{rel}","templated":true}]}}