{"id":173909,"date":"2025-12-03T07:18:07","date_gmt":"2025-12-03T07:18:07","guid":{"rendered":"https:\/\/www.europesays.com\/pt\/173909\/"},"modified":"2025-12-03T07:18:07","modified_gmt":"2025-12-03T07:18:07","slug":"alentejo-regista-21-novos-casos-de-vih-em-2024-alentejo-litoral-apresenta-maior-numero","status":"publish","type":"post","link":"https:\/\/www.europesays.com\/pt\/173909\/","title":{"rendered":"Alentejo regista 21 novos casos de VIH em 2024. Alentejo Litoral apresenta maior n\u00famero"},"content":{"rendered":"<p>A regi\u00e3o do Alentejo contabilizou, ao longo de 2024, um total de 21 novos diagn\u00f3sticos de infe\u00e7\u00e3o por VIH. Os dados constam do relat\u00f3rio anual <strong>\u201cInfe\u00e7\u00e3o por VIH em Portugal \u2013 2025\u201d<\/strong>, elaborado pela Dire\u00e7\u00e3o-Geral da Sa\u00fade em parceria com o Instituto Nacional de Sa\u00fade Doutor Ricardo Jorge. De acordo com o documento, a regi\u00e3o apresenta uma taxa de 4,4 casos por cada 100 mil habitantes.<\/p>\n<p>A n\u00edvel nacional, o estudo confirma que o pa\u00eds continua a registar progressos no combate ao VIH. Entre 2015 e 2024, o n\u00famero de novas infe\u00e7\u00f5es caiu 35%, enquanto os diagn\u00f3sticos de SIDA diminu\u00edram 43%, prolongando uma trajet\u00f3ria de redu\u00e7\u00e3o que se tem mantido ao longo da \u00faltima d\u00e9cada.<\/p>\n<p>No Alentejo, os novos casos distribuem-se por v\u00e1rias sub-regi\u00f5es: 11 no Alentejo Litoral, 5 no Baixo Alentejo, 2 no Alto Alentejo e 3 no Alentejo Central.<\/p>\n<p>O relat\u00f3rio destaca ainda que a maioria das novas infe\u00e7\u00f5es continua a ocorrer entre homens, com quase tr\u00eas diagn\u00f3sticos masculinos por cada caso em mulheres. Cerca de 30% dos casos identificados em 2024 correspondem a pessoas com menos de 30 anos.<\/p>\n<p>A transmiss\u00e3o sexual permanece como a principal via de cont\u00e1gio, representando 97% dos novos diagn\u00f3sticos. Embora a transmiss\u00e3o heterossexual continue a ser a mais comum, os homens que t\u00eam sexo com homens concentram mais de 60% das infe\u00e7\u00f5es registadas entre indiv\u00edduos do sexo masculino.<\/p>\n<p>O diagn\u00f3stico tardio mant\u00e9m-se como um problema relevante: mais de metade dos novos casos (53,9%) apresentavam valores de CD4 abaixo de 350 c\u00e9lulas\/mm\u00b3 no momento da dete\u00e7\u00e3o. Entre pessoas com mais de 50 anos, a propor\u00e7\u00e3o sobe para 65,4%, um dado particularmente expressivo numa regi\u00e3o com popula\u00e7\u00e3o envelhecida como o Alentejo.<\/p>\n<p>Do total de casos registados, 53,6% dizem respeito a pessoas nascidas fora do pa\u00eds, embora a maior parte (72,4%) relate ter adquirido a infe\u00e7\u00e3o em territ\u00f3rio portugu\u00eas.<\/p>\n<p>Os diagn\u00f3sticos foram feitos maioritariamente em ambiente hospitalar (41,5%), seguindo-se os cuidados de sa\u00fade prim\u00e1rios (26,2%) e as estruturas comunit\u00e1rias (16,2%). Na grande maioria das situa\u00e7\u00f5es \u2014 78,9% \u2014 a referencia\u00e7\u00e3o para consultas especializadas ocorreu no prazo de 30 dias ap\u00f3s o diagn\u00f3stico inicial.<\/p>\n","protected":false},"excerpt":{"rendered":"A regi\u00e3o do Alentejo contabilizou, ao longo de 2024, um total de 21 novos diagn\u00f3sticos de infe\u00e7\u00e3o por&hellip;\n","protected":false},"author":2,"featured_media":173910,"comment_status":"","ping_status":"","sticky":false,"template":"","format":"standard","meta":{"footnotes":""},"categories":[86],"tags":[288,7628,116,32,33,117,6942],"class_list":{"0":"post-173909","1":"post","2":"type-post","3":"status-publish","4":"format-standard","5":"has-post-thumbnail","7":"category-saude","8":"tag-alentejo","9":"tag-casos","10":"tag-health","11":"tag-portugal","12":"tag-pt","13":"tag-saude","14":"tag-vih"},"share_on_mastodon":{"url":"https:\/\/pubeurope.com\/@pt\/115654420258136790","error":""},"_links":{"self":[{"href":"https:\/\/www.europesays.com\/pt\/wp-json\/wp\/v2\/posts\/173909","targetHints":{"allow":["GET"]}}],"collection":[{"href":"https:\/\/www.europesays.com\/pt\/wp-json\/wp\/v2\/posts"}],"about":[{"href":"https:\/\/www.europesays.com\/pt\/wp-json\/wp\/v2\/types\/post"}],"author":[{"embeddable":true,"href":"https:\/\/www.europesays.com\/pt\/wp-json\/wp\/v2\/users\/2"}],"replies":[{"embeddable":true,"href":"https:\/\/www.europesays.com\/pt\/wp-json\/wp\/v2\/comments?post=173909"}],"version-history":[{"count":0,"href":"https:\/\/www.europesays.com\/pt\/wp-json\/wp\/v2\/posts\/173909\/revisions"}],"wp:featuredmedia":[{"embeddable":true,"href":"https:\/\/www.europesays.com\/pt\/wp-json\/wp\/v2\/media\/173910"}],"wp:attachment":[{"href":"https:\/\/www.europesays.com\/pt\/wp-json\/wp\/v2\/media?parent=173909"}],"wp:term":[{"taxonomy":"category","embeddable":true,"href":"https:\/\/www.europesays.com\/pt\/wp-json\/wp\/v2\/categories?post=173909"},{"taxonomy":"post_tag","embeddable":true,"href":"https:\/\/www.europesays.com\/pt\/wp-json\/wp\/v2\/tags?post=173909"}],"curies":[{"name":"wp","href":"https:\/\/api.w.org\/{rel}","templated":true}]}}