{"id":173911,"date":"2025-12-03T07:23:20","date_gmt":"2025-12-03T07:23:20","guid":{"rendered":"https:\/\/www.europesays.com\/pt\/173911\/"},"modified":"2025-12-03T07:23:20","modified_gmt":"2025-12-03T07:23:20","slug":"iara-ribeiro-mae-da-jovem-de-20-anos-que-morreu-afogada-com-o-namorado-deixa-mensagem-devastadora-por-que-fizeste-isto","status":"publish","type":"post","link":"https:\/\/www.europesays.com\/pt\/173911\/","title":{"rendered":"Iara Ribeiro &#8211; M\u00e3e da jovem de 20 anos que morreu afogada com o namorado deixa mensagem devastadora: &#8220;Por que fizeste isto?&#8221;"},"content":{"rendered":"<p><strong>Iara Ribeiro<\/strong>, uma estudante universit\u00e1ria de 20 anos da Universidade da Maia, e o namorado, de 22 anos, <a href=\"https:\/\/www.novagente.pt\/pedrogao-grande-casal-de-namorados-de-20-anos-morre-afogado-dentro-do-carro-em-escapadinha-romantica\" target=\"_blank\" rel=\"nofollow noopener\"><strong>morreram <\/strong><\/a>na noite deste s\u00e1bado, 29\u00a0de novembro, ap\u00f3s o carro em que estavam ter-se destravado e descido uma rampa inclinada at\u00e9 \u00e0 Barragem do Cabril, no rio Z\u00eazere, concelho de Pedr\u00f3g\u00e3o Grande.\u00a0<\/p>\n<p>O casal de namorados, ela oriunda do Porto, ele de Santar\u00e9m, tinham decidido ir passar um\u00a0fim de semana rom\u00e2ntico\u00a0na regi\u00e3o centro. Por\u00e9m, aquilo que era para ser um momento de paix\u00e3o\u00a0terminou em trag\u00e9dia.\u00a0<\/p>\n<p>&#8220;Por que fizeste isto comigo?<\/p>\n<p>Nas redes sociais s\u00e3o m\u00faltiplas as mensagem de luto que t\u00eam sido partilhadas por fam\u00edlia e amigos dos dois jovens.\u00a0<\/p>\n<p>Uma das mais comoventes foi escrita pela m\u00e3e de Iara, <strong>Fernanda Jos\u00e9<\/strong>.\u00a0&#8220;Meus amores, voc\u00eas partiram sem se despedirem de n\u00f3s. Por que me abandonaste, meu anjo? Por que fizeste isto comigo? Sem ti, tudo \u00e9 um vazio. N\u00e3o merecia que me deixasses. Amo-te&#8221;, podia ler-se,\u00a0numa mensagem que entretanto ter\u00e1 sido apagada.\u00a0<\/p>\n<p>Texto: Tom\u00e1s Casc\u00e3o; Fotos: Redes sociais<\/p>\n<p class=\"intagram-text\">Siga a Nova Gente no Instagram<\/p>\n<p>                        <a href=\"https:\/\/www.instagram.com\/revistanovagente\/\" target=\"_blank\" aria-label=\"instagram\" rel=\"noopener nofollow\"><img decoding=\"async\" style=\"display: block; margin-left: auto; margin-right: auto; width: 250px; height: 83px;\" src=\"https:\/\/www.europesays.com\/pt\/wp-content\/uploads\/2025\/11\/Instagram_NG.png\" alt=\"instagram\"\/><\/a><br \/>\n                    <script async src=\"\/\/www.instagram.com\/embed.js\"><\/script><\/p>\n","protected":false},"excerpt":{"rendered":"Iara Ribeiro, uma estudante universit\u00e1ria de 20 anos da Universidade da Maia, e o namorado, de 22 anos,&hellip;\n","protected":false},"author":2,"featured_media":173912,"comment_status":"","ping_status":"","sticky":false,"template":"","format":"standard","meta":{"footnotes":""},"categories":[10],"tags":[27,28,15,16,14,36257,25,26,21,22,12,13,19,20,9942,32,23,24,33,17,18,29,30,31],"class_list":{"0":"post-173911","1":"post","2":"type-post","3":"status-publish","4":"format-standard","5":"has-post-thumbnail","7":"category-portugal","8":"tag-breaking-news","9":"tag-breakingnews","10":"tag-featured-news","11":"tag-featurednews","12":"tag-headlines","13":"tag-iara-ribeiro","14":"tag-latest-news","15":"tag-latestnews","16":"tag-main-news","17":"tag-mainnews","18":"tag-news","19":"tag-noticias","20":"tag-noticias-principais","21":"tag-noticiasprincipais","22":"tag-pedrogao-grande","23":"tag-portugal","24":"tag-principais-noticias","25":"tag-principaisnoticias","26":"tag-pt","27":"tag-top-stories","28":"tag-topstories","29":"tag-ultimas","30":"tag-ultimas-noticias","31":"tag-ultimasnoticias"},"share_on_mastodon":{"url":"https:\/\/pubeurope.com\/@pt\/115654440190434295","error":""},"_links":{"self":[{"href":"https:\/\/www.europesays.com\/pt\/wp-json\/wp\/v2\/posts\/173911","targetHints":{"allow":["GET"]}}],"collection":[{"href":"https:\/\/www.europesays.com\/pt\/wp-json\/wp\/v2\/posts"}],"about":[{"href":"https:\/\/www.europesays.com\/pt\/wp-json\/wp\/v2\/types\/post"}],"author":[{"embeddable":true,"href":"https:\/\/www.europesays.com\/pt\/wp-json\/wp\/v2\/users\/2"}],"replies":[{"embeddable":true,"href":"https:\/\/www.europesays.com\/pt\/wp-json\/wp\/v2\/comments?post=173911"}],"version-history":[{"count":0,"href":"https:\/\/www.europesays.com\/pt\/wp-json\/wp\/v2\/posts\/173911\/revisions"}],"wp:featuredmedia":[{"embeddable":true,"href":"https:\/\/www.europesays.com\/pt\/wp-json\/wp\/v2\/media\/173912"}],"wp:attachment":[{"href":"https:\/\/www.europesays.com\/pt\/wp-json\/wp\/v2\/media?parent=173911"}],"wp:term":[{"taxonomy":"category","embeddable":true,"href":"https:\/\/www.europesays.com\/pt\/wp-json\/wp\/v2\/categories?post=173911"},{"taxonomy":"post_tag","embeddable":true,"href":"https:\/\/www.europesays.com\/pt\/wp-json\/wp\/v2\/tags?post=173911"}],"curies":[{"name":"wp","href":"https:\/\/api.w.org\/{rel}","templated":true}]}}