{"id":173917,"date":"2025-12-03T07:31:10","date_gmt":"2025-12-03T07:31:10","guid":{"rendered":"https:\/\/www.europesays.com\/pt\/173917\/"},"modified":"2025-12-03T07:31:10","modified_gmt":"2025-12-03T07:31:10","slug":"pavlidis-e-suarez-os-irmaos-separados-do-golo-futebol","status":"publish","type":"post","link":"https:\/\/www.europesays.com\/pt\/173917\/","title":{"rendered":"Pavlidis e Su\u00e1rez, os irm\u00e3os separados do golo | Futebol"},"content":{"rendered":"<p>Quando se contrata um avan\u00e7ado por dinheiro a s\u00e9rio, h\u00e1 um peso de expectativas que n\u00e3o se resume aos milh\u00f5es que foram gastos na sua aquisi\u00e7\u00e3o. A sombra do antecessor tamb\u00e9m pesa, assim como a urg\u00eancia de algu\u00e9m que marque golos. Vangelis Pavlidis e Luis Su\u00e1rez, os dois melhores marcadores da I Liga portuguesa em 2025-26, chegaram aos respectivos clubes com um peso semelhante no custo, mas com miss\u00f5es diferentes. Pavlidis chegou ao Benfica para fazer aquilo que quatro pontas-de-lan\u00e7a n\u00e3o conseguiram na \u00e9poca anterior, <a href=\"https:\/\/www.publico.pt\/2025\/07\/26\/desporto\/noticia\/luis-suarez-comecou-leones-chegou-leao-2141846\" rel=\"nofollow noopener\" target=\"_blank\">Su\u00e1rez entrou no Sporting para minorar a perda de um goleador inquestion\u00e1vel<\/a>. Nos dois casos, parece indesment\u00edvel que foram bons investimentos.<\/p>\n<p>Na pr\u00f3xima sexta-feira, Benfica e Sporting defrontam-se na Luz e \u00e9 uma certeza que o grego e o colombiano estar\u00e3o em campo. Pavlidis j\u00e1 leva 16 golos na presente temporada (10 no campeonato), Su\u00e1rez chegou no \u00faltimo domingo aos 12 (nove no campeonato), e assumiram-se como pe\u00e7as importantes nas estrat\u00e9gias de, respectivamente, Jos\u00e9 Mourinho e Rui Borges. Mas com uma diferen\u00e7a: o Benfica dificilmente passa sem Pavlidis, o Sporting tem encontrado o caminho do golo sem Su\u00e1rez.<\/p>\n<p>O Benfica j\u00e1 leva mais jogos disputados esta \u00e9poca, por for\u00e7a de ter disputado as pr\u00e9-eliminat\u00f3rias da Champions. Em 25 jogos realizados, os \u201cencarnados\u201d marcaram 42 golos, o que d\u00e1 uma m\u00e9dia de 1,68 golos por jogo. Destes 42 golos, 16 foram de Pavlidis, 38%, sendo que os seus golos j\u00e1 valeram cinco vit\u00f3rias, a \u00faltima das quais <a href=\"https:\/\/www.publico.pt\/2025\/11\/29\/desporto\/cronica_de_jogo\/benfica-pilhas-carregadas-arranca-vitoria-madeira-tempo-extra-2156553\" rel=\"nofollow noopener\" target=\"_blank\">frente ao Nacional, no Funchal<\/a> \u2013 o grego marcou o 1-2 j\u00e1 no tempo de compensa\u00e7\u00e3o. E quem \u00e9 o segundo melhor marcador do Benfica esta \u00e9poca? A grande dist\u00e2ncia, Franjo Ivanovic, com apenas quatro golos, e, depois, Sudakov, com tr\u00eas.<\/p>\n<p>Quanto ao Sporting, tem um ataque mais saud\u00e1vel, diverso e menos dependente do seu ponta-de-lan\u00e7a habitual. Os \u201cle\u00f5es\u201d j\u00e1 levam 53 golos em 21 jogos (m\u00e9dia superior a 2,5 golos por jogo), e os 12 de Su\u00e1rez representam 22,64% &#8211; por duas vezes os seus golos valeram vit\u00f3rias. Ao contr\u00e1rio do que acontece no Benfica, o Sporting pode contar com mais gente para marcar golos, para al\u00e9m do colombiano \u2013 Pedro Gon\u00e7alves j\u00e1 vai nos nove, Trinc\u00e3o est\u00e1 nos oito.<\/p>\n<p>Pavlidis demorou, Su\u00e1rez foi imediato<\/p>\n<p>Pavlidis chegou ao Benfica no Ver\u00e3o de 2024, contratado ao AZ Alkmaar por 18 milh\u00f5es, e pode dizer-se que os \u201cencarnados\u201d tinham passado a \u00e9poca anterior com um problema no ataque. O Benfica teve quatro pontas-de-lan\u00e7a (Arthur Cabral, Tengstedt, Marcos Leonardo e Musa) e, no total, os quatro marcaram 28 \u2013 dois deles, Cabral e Tengstedt, fizeram a \u00e9poca toda, Musa saiu a meio, Leonardo entrou a meio, e nenhum deles mora na Luz actualmente. O grego resolveu o problema do ponta-de-lan\u00e7a, mas demorou a arrancar \u2013 marcou apenas dois golos nos primeiros 12 jogos, terminou a \u00e9poca com 30, mais 12 assist\u00eancias.<\/p>\n<p>Pavlidis j\u00e1 era um goleador de cr\u00e9ditos firmados por v\u00e1rias \u00e9pocas de rendimento na Eredivisie. J\u00e1 Su\u00e1rez vinha com o asterisco de ser um goleador na segunda divis\u00e3o espanhola \u2013 marcara 31 golos pelo Almeria em 2024-25 \u2013 e tinha a miss\u00e3o imposs\u00edvel de fazer esquecer <a href=\"https:\/\/www.publico.pt\/2025\/04\/30\/desporto\/noticia\/viktor-gyokeres-seis-personagens-encontraram-autor-2131320\" rel=\"nofollow noopener\" target=\"_blank\">o extraterrestre Viktor Gy\u00f6keres<\/a> e os 97 golos que marcou em duas \u00e9pocas de t\u00edtulo em Alvalade. \u00c9 muito prov\u00e1vel que n\u00e3o chegue aos n\u00fameros do sueco, mas o seu rendimento \u00e9 bastante promissor \u2013 e n\u00e3o \u00e9 ele o marcador priorit\u00e1rio dos pen\u00e1ltis, apesar de j\u00e1 ter marcado tr\u00eas. No Benfica, \u00e9 Pavlidis quem tem esse papel \u2013 j\u00e1 marcou sete da marca dos 11 metros.<\/p>\n<p>J\u00e1 percebemos que Pavlidis e Su\u00e1rez s\u00e3o irm\u00e3os separados do golo, mas s\u00e3o jogadores parecidos? S\u00e3o ambos destros, mas t\u00eam grande compet\u00eancia a rematar com os dois p\u00e9s \u2013 nenhum deles marcou, no entanto, qualquer golo de cabe\u00e7a esta \u00e9poca. Su\u00e1rez \u00e9 mais rematador que Pavlidis (4,58 remates por jogo contra 3,25 do grego) e, segundo a contabilidade do site Zerozero, \u00e9 o que tem mais oportunidades de golo falhadas (11\/7). O colombiano \u00e9 mais um jogador de um para um (15 dribles contra sete do grego), enquanto Pavlidis \u00e9 mais certeiro a enquadrar os seus remates com a baliza advers\u00e1ria \u2013 apenas 10 dos remates do grego falharam o alvo, enquanto o colombiano rematou 22 vezes para fora.<\/p>\n<p>No dom\u00ednio das assist\u00eancias, t\u00eam n\u00fameros semelhantes \u2013 duas para Su\u00e1rez, tr\u00eas para Pavlidis. E, pela observa\u00e7\u00e3o dos jogos, percebe-se que s\u00e3o dois avan\u00e7ados que encaixam na ideia de jogo colectiva, muito associativos, com capacidade de finalizar as jogadas mas tamb\u00e9m de inventar solu\u00e7\u00f5es. A diferen\u00e7a \u00e9 que Su\u00e1rez tem mais companhia e Pavlidis, que at\u00e9 come\u00e7ou a \u00e9poca a marcar ao Sporting <a href=\"https:\/\/www.publico.pt\/2025\/07\/31\/desporto\/cronica_de_jogo\/benfica-derrota-sporting-vence-supertaca-saborzinho-vinganca-2142521\" rel=\"nofollow noopener\" target=\"_blank\">um golo que valeu a Superta\u00e7a<\/a>, est\u00e1 mais sozinho.<\/p>\n","protected":false},"excerpt":{"rendered":"Quando se contrata um avan\u00e7ado por dinheiro a s\u00e9rio, h\u00e1 um peso de expectativas que n\u00e3o se resume&hellip;\n","protected":false},"author":2,"featured_media":173918,"comment_status":"","ping_status":"","sticky":false,"template":"","format":"standard","meta":{"footnotes":""},"categories":[87],"tags":[135,524,280,281,32,33,3099,34,134],"class_list":{"0":"post-173917","1":"post","2":"type-post","3":"status-publish","4":"format-standard","5":"has-post-thumbnail","7":"category-desporto","8":"tag-desporto","9":"tag-futebol","10":"tag-futebol-nacional","11":"tag-i-liga","12":"tag-portugal","13":"tag-pt","14":"tag-sl-benfica","15":"tag-sporting","16":"tag-sports"},"share_on_mastodon":{"url":"https:\/\/pubeurope.com\/@pt\/115654471350481173","error":""},"_links":{"self":[{"href":"https:\/\/www.europesays.com\/pt\/wp-json\/wp\/v2\/posts\/173917","targetHints":{"allow":["GET"]}}],"collection":[{"href":"https:\/\/www.europesays.com\/pt\/wp-json\/wp\/v2\/posts"}],"about":[{"href":"https:\/\/www.europesays.com\/pt\/wp-json\/wp\/v2\/types\/post"}],"author":[{"embeddable":true,"href":"https:\/\/www.europesays.com\/pt\/wp-json\/wp\/v2\/users\/2"}],"replies":[{"embeddable":true,"href":"https:\/\/www.europesays.com\/pt\/wp-json\/wp\/v2\/comments?post=173917"}],"version-history":[{"count":0,"href":"https:\/\/www.europesays.com\/pt\/wp-json\/wp\/v2\/posts\/173917\/revisions"}],"wp:featuredmedia":[{"embeddable":true,"href":"https:\/\/www.europesays.com\/pt\/wp-json\/wp\/v2\/media\/173918"}],"wp:attachment":[{"href":"https:\/\/www.europesays.com\/pt\/wp-json\/wp\/v2\/media?parent=173917"}],"wp:term":[{"taxonomy":"category","embeddable":true,"href":"https:\/\/www.europesays.com\/pt\/wp-json\/wp\/v2\/categories?post=173917"},{"taxonomy":"post_tag","embeddable":true,"href":"https:\/\/www.europesays.com\/pt\/wp-json\/wp\/v2\/tags?post=173917"}],"curies":[{"name":"wp","href":"https:\/\/api.w.org\/{rel}","templated":true}]}}