{"id":173919,"date":"2025-12-03T07:33:10","date_gmt":"2025-12-03T07:33:10","guid":{"rendered":"https:\/\/www.europesays.com\/pt\/173919\/"},"modified":"2025-12-03T07:33:10","modified_gmt":"2025-12-03T07:33:10","slug":"bruno-savate-reage-a-mais-uma-acesa-discussao-de-marisa-com-pedro-jorge-mais-uma-vez","status":"publish","type":"post","link":"https:\/\/www.europesays.com\/pt\/173919\/","title":{"rendered":"Bruno Savate reage a mais uma acesa discuss\u00e3o de Marisa com Pedro Jorge: &#8220;Mais uma vez&#8230;&#8221;"},"content":{"rendered":"<p>\t\t\t\t\t\t\t\t\t\t\t\t<a href=\"#\" onclick=\"window.open('http:\/\/www.facebook.com\/sharer.php?u=https:\/\/cusquices.com\/bruno-savate-reage-a-mais-uma-acesa-discussao-de-marisa-com-pedro-jorge-mais-uma-vez\/&amp;t=Bruno Savate reage a mais uma acesa discuss\u00e3o de Marisa com Pedro Jorge: \u201cMais uma vez\u2026\u201d', 'facebookShare', 'width=626,height=436'); return false;\" title=\"Share on Facebook\"><\/p>\n<p>Share<\/p>\n<p><\/a><br \/>\n\t\t\t\t\t\t\t\t\t\t\t\t<a href=\"#\" onclick=\"window.open('http:\/\/twitter.com\/share?text=Bruno Savate reage a mais uma acesa discuss\u00e3o de Marisa com Pedro Jorge: \u201cMais uma vez\u2026\u201d -&amp;url=https:\/\/cusquices.com\/bruno-savate-reage-a-mais-uma-acesa-discussao-de-marisa-com-pedro-jorge-mais-uma-vez\/', 'twitterShare', 'width=626,height=436'); return false;\" title=\"Tweet This Post\"><\/p>\n<p>Tweet<\/p>\n<p><\/a><br \/>\n\t\t\t\t\t\t\t\t\t\t\t\t<a href=\"whatsapp:\/\/send?text=Bruno Savate reage a mais uma acesa discuss\u00e3o de Marisa com Pedro Jorge: \u201cMais uma vez\u2026\u201d https:\/\/cusquices.com\/bruno-savate-reage-a-mais-uma-acesa-discussao-de-marisa-com-pedro-jorge-mais-uma-vez\/\" rel=\"nofollow\"><\/p>\n<p>Share<\/p>\n<p><\/a><br \/>\n\t\t\t\t\t\t\t\t\t\t\t\t<a href=\"#\" onclick=\"window.open('http:\/\/pinterest.com\/pin\/create\/button\/?url=https:\/\/cusquices.com\/bruno-savate-reage-a-mais-uma-acesa-discussao-de-marisa-com-pedro-jorge-mais-uma-vez\/&amp;media=https:\/\/cusquices.com\/wp-content\/uploads\/2025\/12\/marisapedro-savate-1000x600.jpg&amp;description=Bruno Savate reage a mais uma acesa discuss\u00e3o de Marisa com Pedro Jorge: \u201cMais uma vez\u2026\u201d', 'pinterestShare', 'width=750,height=350'); return false;\" title=\"Pin This Post\"><\/p>\n<p>Share<\/p>\n<p><\/a><br \/>\n\t\t\t\t\t\t\t\t\t\t\t\t<a href=\"mailto:?subject=Bruno Savate reage a mais uma acesa discuss\u00e3o de Marisa com Pedro Jorge: \u201cMais uma vez\u2026\u201d&amp;BODY=I found this article interesting and thought of sharing it with you. Check it out: https:\/\/cusquices.com\/bruno-savate-reage-a-mais-uma-acesa-discussao-de-marisa-com-pedro-jorge-mais-uma-vez\/\"><\/p>\n<p>Email<\/p>\n<p><\/a><br \/>\n\t\t\t\t\t\t\t\t\t\t\t\t\t\t\t\t\t\t\t\t\t\t\t\t\t\t\t\t\t\t\t\t\t\t\t\t\t\t\t\t\t\t\t\t\t\t\t\t\t\t\t\t\t<a href=\"https:\/\/cusquices.com\/bruno-savate-reage-a-mais-uma-acesa-discussao-de-marisa-com-pedro-jorge-mais-uma-vez\/#respond\" rel=\"nofollow noopener\" target=\"_blank\"><\/p>\n<p>Savate critica postura de Marisa e volta a sair em defesa de Pedro.<\/p>\n<p><strong>Marisa e Pedro Jorge<\/strong> protagonizaram mais uma acesa discuss\u00e3o, onde os ci\u00fames da empres\u00e1ria, voltaram a falar mais alto. No confession\u00e1rio, <strong>Cristina Ferreira<\/strong> confrontou o casal com as imagens da discuss\u00e3o e das m\u00fatuas acusa\u00e7\u00f5es.<\/p>\n<p>C\u00e1 fora, as rea\u00e7\u00f5es n\u00e3o tardaram e <strong>Bruno Savate<\/strong> voltou a manifestar-se e apontar o dedo \u00e0 postura de <strong>Marisa. <\/strong>O veterano dos reality shows aproveitou para refor\u00e7ar o apoio a Pedro Jorge e apelar pela sua salva\u00e7\u00e3o.<\/p>\n<p><strong>\u201cMais uma vez a Marisa a cascar no Pedro, sempre a queimar a imagem do rapaz\u201d<\/strong>, come\u00e7ou por dizer Pedro Jorge, que prosseguiu com um apelo ao concorrente do <strong>Secret Story<\/strong>: <strong>\u201cVamos salvar o nosso Pedro Jorge\u201d.<\/strong><\/p>\n<p><img loading=\"lazy\" decoding=\"async\" width=\"575\" height=\"1024\" src=\"https:\/\/www.europesays.com\/pt\/wp-content\/uploads\/2025\/12\/savate-reage-discussoa-575x1024.png\" alt=\"\" class=\"wp-image-100795 webpexpress-processed\"  \/><\/p>\n<p><strong>Leia tamb\u00e9m:<\/strong><\/p>\n<p>\t\t\t\t\t\t\t\t\t\t\t\t\t\t\t\t\t\t\t\t\t\t\t\t\t<img decoding=\"async\" src=\"https:\/\/www.europesays.com\/pt\/wp-content\/uploads\/2025\/10\/cusquices-logo-52x.png\" class=\"webpexpress-processed\"\/><\/p>\n<p>\t\t\t\t\t\t\t\t\t\t\t\t\t\t\t\t\t\t\t\t\t            \t\t\t\t\t\t\t\t\t\t\t\t\t\t\t\t\t\t\t\t\t\t\t\t\t\t\t\t\t\t\t\t\t\t\t\t\t\t\t<script async src=\"https:\/\/platform.twitter.com\/widgets.js\" charset=\"utf-8\"><\/script><\/p>\n","protected":false},"excerpt":{"rendered":"Share Tweet Share Share Email Savate critica postura de Marisa e volta a sair em defesa de Pedro.&hellip;\n","protected":false},"author":2,"featured_media":173920,"comment_status":"","ping_status":"","sticky":false,"template":"","format":"standard","meta":{"footnotes":""},"categories":[85],"tags":[1253,2632,49,114,115,21766,21416,32,33],"class_list":{"0":"post-173919","1":"post","2":"type-post","3":"status-publish","4":"format-standard","5":"has-post-thumbnail","7":"category-entretenimento","8":"tag-bruno-savate","9":"tag-casa-dos-segredos","10":"tag-destaques","11":"tag-entertainment","12":"tag-entretenimento","13":"tag-marisa-pires","14":"tag-pedro-jorge","15":"tag-portugal","16":"tag-pt"},"share_on_mastodon":{"url":"https:\/\/pubeurope.com\/@pt\/115654479684960534","error":""},"_links":{"self":[{"href":"https:\/\/www.europesays.com\/pt\/wp-json\/wp\/v2\/posts\/173919","targetHints":{"allow":["GET"]}}],"collection":[{"href":"https:\/\/www.europesays.com\/pt\/wp-json\/wp\/v2\/posts"}],"about":[{"href":"https:\/\/www.europesays.com\/pt\/wp-json\/wp\/v2\/types\/post"}],"author":[{"embeddable":true,"href":"https:\/\/www.europesays.com\/pt\/wp-json\/wp\/v2\/users\/2"}],"replies":[{"embeddable":true,"href":"https:\/\/www.europesays.com\/pt\/wp-json\/wp\/v2\/comments?post=173919"}],"version-history":[{"count":0,"href":"https:\/\/www.europesays.com\/pt\/wp-json\/wp\/v2\/posts\/173919\/revisions"}],"wp:featuredmedia":[{"embeddable":true,"href":"https:\/\/www.europesays.com\/pt\/wp-json\/wp\/v2\/media\/173920"}],"wp:attachment":[{"href":"https:\/\/www.europesays.com\/pt\/wp-json\/wp\/v2\/media?parent=173919"}],"wp:term":[{"taxonomy":"category","embeddable":true,"href":"https:\/\/www.europesays.com\/pt\/wp-json\/wp\/v2\/categories?post=173919"},{"taxonomy":"post_tag","embeddable":true,"href":"https:\/\/www.europesays.com\/pt\/wp-json\/wp\/v2\/tags?post=173919"}],"curies":[{"name":"wp","href":"https:\/\/api.w.org\/{rel}","templated":true}]}}