{"id":173925,"date":"2025-12-03T07:43:14","date_gmt":"2025-12-03T07:43:14","guid":{"rendered":"https:\/\/www.europesays.com\/pt\/173925\/"},"modified":"2025-12-03T07:43:14","modified_gmt":"2025-12-03T07:43:14","slug":"passou-de-abajur-a-gata-assanhada-concorrentes-comentam-prestacao-de-ines-secret-story","status":"publish","type":"post","link":"https:\/\/www.europesays.com\/pt\/173925\/","title":{"rendered":"\u00abPassou de abajur a gata assanhada\u00bb Concorrentes comentam presta\u00e7\u00e3o de In\u00eas &#8211; Secret Story"},"content":{"rendered":"<p>No <strong>Secret Story 9<\/strong>, durante a din\u00e2mica dos mexericos, In\u00eas \u00e9 acusada de ter mudado de postura do dia para a noite.<\/p>\n<p>Esta semana, quatro concorrentes est\u00e3o nomeados e em risco de expuls\u00e3o. <strong>Pode votar na APP oficial do TVI reality ou atrav\u00e9s das linhas telef\u00f3nicas<\/strong>.<\/p>\n<p><strong>VOTE PARA SALVAR:<\/strong><\/p>\n<p><strong>BRUNA\u00a0 \u2013\u00a0 761 20 20 03<br \/>LILIANA\u00a0 \u2013\u00a0 761 20 20 14<br \/>MARISA\u00a0 \u2013\u00a0 761 20 20 16<br \/>PEDRO\u00a0 \u2013\u00a0 761 20 20 18<\/strong><\/p>\n<p><strong><a href=\"https:\/\/tvi.iol.pt\/secretstory\/aominuto\" rel=\"nofollow noopener\" target=\"_blank\">Acompanhe aqui tudo o que se passa no Secret Story 9<\/a><\/strong><\/p>\n","protected":false},"excerpt":{"rendered":"No Secret Story 9, durante a din\u00e2mica dos mexericos, In\u00eas \u00e9 acusada de ter mudado de postura do&hellip;\n","protected":false},"author":2,"featured_media":173926,"comment_status":"","ping_status":"","sticky":false,"template":"","format":"standard","meta":{"footnotes":""},"categories":[142],"tags":[114,115,19033,15353,19034,32,33,151,19032],"class_list":{"0":"post-173925","1":"post","2":"type-post","3":"status-publish","4":"format-standard","5":"has-post-thumbnail","7":"category-tv","8":"tag-entertainment","9":"tag-entretenimento","10":"tag-galas-em-video","11":"tag-ines","12":"tag-melhores-momentos-casa-dos-segredos","13":"tag-portugal","14":"tag-pt","15":"tag-tv","16":"tag-videos-secret-story-tvi"},"share_on_mastodon":{"url":"https:\/\/pubeurope.com\/@pt\/115654518569029572","error":""},"_links":{"self":[{"href":"https:\/\/www.europesays.com\/pt\/wp-json\/wp\/v2\/posts\/173925","targetHints":{"allow":["GET"]}}],"collection":[{"href":"https:\/\/www.europesays.com\/pt\/wp-json\/wp\/v2\/posts"}],"about":[{"href":"https:\/\/www.europesays.com\/pt\/wp-json\/wp\/v2\/types\/post"}],"author":[{"embeddable":true,"href":"https:\/\/www.europesays.com\/pt\/wp-json\/wp\/v2\/users\/2"}],"replies":[{"embeddable":true,"href":"https:\/\/www.europesays.com\/pt\/wp-json\/wp\/v2\/comments?post=173925"}],"version-history":[{"count":0,"href":"https:\/\/www.europesays.com\/pt\/wp-json\/wp\/v2\/posts\/173925\/revisions"}],"wp:featuredmedia":[{"embeddable":true,"href":"https:\/\/www.europesays.com\/pt\/wp-json\/wp\/v2\/media\/173926"}],"wp:attachment":[{"href":"https:\/\/www.europesays.com\/pt\/wp-json\/wp\/v2\/media?parent=173925"}],"wp:term":[{"taxonomy":"category","embeddable":true,"href":"https:\/\/www.europesays.com\/pt\/wp-json\/wp\/v2\/categories?post=173925"},{"taxonomy":"post_tag","embeddable":true,"href":"https:\/\/www.europesays.com\/pt\/wp-json\/wp\/v2\/tags?post=173925"}],"curies":[{"name":"wp","href":"https:\/\/api.w.org\/{rel}","templated":true}]}}