{"id":173931,"date":"2025-12-03T07:48:35","date_gmt":"2025-12-03T07:48:35","guid":{"rendered":"https:\/\/www.europesays.com\/pt\/173931\/"},"modified":"2025-12-03T07:48:35","modified_gmt":"2025-12-03T07:48:35","slug":"adeus-botas-ugg-estes-tenis-ja-sao-os-favoritos-das-influencers","status":"publish","type":"post","link":"https:\/\/www.europesays.com\/pt\/173931\/","title":{"rendered":"Adeus, botas UGG. Estes t\u00e9nis j\u00e1 s\u00e3o os favoritos das influencers"},"content":{"rendered":"<p>Sempre que pensamos em cal\u00e7ado de inverno, h\u00e1 uma imagem que surge quase automaticamente: as cl\u00e1ssicas botas UGG. <a href=\"https:\/\/versa.iol.pt\/zara\/ugg\/voltaram-a-ser-as-botas-mais-procuradas-e-estas-nao-sao-ugg-sao-zara\/20251123\/69208d44d34e3caad84b8ae0\" rel=\"nofollow noopener\" target=\"_blank\">Quentes, macias e com aquele pelo aconchegante que conquistou gera\u00e7\u00f5es<\/a>,\u00a0continuam a ser um \u00edcone da esta\u00e7\u00e3o fria. S\u00e3o as it boots por excel\u00eancia, s\u00edmbolo de conforto e de um estilo casual que combina com praticamente tudo.<\/p>\n<p>Mas este inverno est\u00e1 a marcar precisamente essa evolu\u00e7\u00e3o e o <a href=\"https:\/\/versa.iol.pt\/botas\/ugg\/esquece-todas-as-outras-botas-estas-sao-as-essenciais-da-estacao\/20251110\/6911ca0fd34e2bd5c6d3d212\" rel=\"nofollow noopener\" target=\"_blank\">foco deixa de estar apenas nas cl\u00e1ssicas botas<\/a>. H\u00e1\u00a0uma nova gera\u00e7\u00e3o de t\u00e9nis UGG, modelos que combinam a est\u00e9tica acolhedora da marca com um design mais urbano e vers\u00e1til. Destacam-se os Lowmel, os imponentes Astromel, a novidade que promete dominar a esta\u00e7\u00e3o, e os Lo Lowmel, uma op\u00e7\u00e3o mais leve e minimalista. Todos seguem o ADN da marca: conforto extremo, materiais suaves e a paleta neutra t\u00e3o caracter\u00edstica da UGG.<\/p>\n<p>Estes novos modelos j\u00e1 come\u00e7aram a aparecer nos looks de digital\u00a0influencers internacionais, que os combinam com saias longas, malhas oversized, casacos maxi e at\u00e9 coordenados mais cl\u00e1ssicos e elegantes.<\/p>\n<p>E a tend\u00eancia n\u00e3o demorou a chegar a Portugal: criadoras de conte\u00fado como Mia Queiroz j\u00e1 os adotaram, provando como se integram facilmente tanto em looks descontra\u00eddos como em outfits mais arranjados.<\/p>\n<blockquote cite=\"https:\/\/www.tiktok.com\/@juliabelzaa\/video\/7410512276706430241\" class=\"tiktok-embed\" data-video-id=\"7410512276706430241\" style=\"max-width: 605px;min-width: 325px;\"><p>\n  <a href=\"https:\/\/www.tiktok.com\/@juliabelzaa?refer=embed\" target=\"_blank\" title=\"@juliabelzaa\" rel=\"nofollow noopener\">@juliabelzaa<\/a> Replying to @kingaozgaa <a href=\"https:\/\/www.tiktok.com\/music\/The-Hills-x-Say-It-Right-7245574485236254757?refer=embed\" target=\"_blank\" title=\"\u266c The Hills x Say It Right - 87 \u2103\" rel=\"nofollow noopener\">\u266c The Hills x Say It Right &#8211; 87 \u2103<\/a> <\/p>\n<\/blockquote>\n<p>A grande for\u00e7a destes t\u00e9nis est\u00e1 na sua versatilidade. Mant\u00eam o <a href=\"https:\/\/versa.iol.pt\/sapatos\/ugg\/e-este-inverno-que-te-vais-converter-as-ugg-tendencia\/20251117\/69174ea6d34e2bd5c6d4030f\" rel=\"nofollow noopener\" target=\"_blank\">conforto t\u00e9rmico e o toque aconchegante que sempre definiram a marca<\/a>, mas com uma silhueta mais pr\u00e1tica para o dia a dia. A cor neutra facilita qualquer combina\u00e7\u00e3o, o design moderno acrescenta estilo sem esfor\u00e7o e o interior acolchoado e com pelo garante o mesmo conforto que tornou as UGG t\u00e3o desejadas.<\/p>\n<p>Se as botas UGG foram o rosto do inverno em tantas esta\u00e7\u00f5es, estes novos t\u00e9nis chegam para assumir o trono de forma surpreendente. E tudo indica que v\u00e3o dominar as ruas, os arm\u00e1rios, mas tamb\u00e9m os feeds nos pr\u00f3ximos meses.<\/p>\n<p>                            <script async src=\"\/\/www.tiktok.com\/embed.js\"><\/script><\/p>\n","protected":false},"excerpt":{"rendered":"Sempre que pensamos em cal\u00e7ado de inverno, h\u00e1 uma imagem que surge quase automaticamente: as cl\u00e1ssicas botas UGG.&hellip;\n","protected":false},"author":2,"featured_media":173932,"comment_status":"","ping_status":"","sticky":false,"template":"","format":"standard","meta":{"footnotes":""},"categories":[85],"tags":[1081,10049,204,114,115,754,186,1079,32,33,2351,2349,10050,1078,1080],"class_list":{"0":"post-173931","1":"post","2":"type-post","3":"status-publish","4":"format-standard","5":"has-post-thumbnail","7":"category-entretenimento","8":"tag-beleza","9":"tag-botas","10":"tag-design","11":"tag-entertainment","12":"tag-entretenimento","13":"tag-gastronomia","14":"tag-lifestyle","15":"tag-moda","16":"tag-portugal","17":"tag-pt","18":"tag-tendencias","19":"tag-tenis","20":"tag-ugg","21":"tag-versa","22":"tag-viagens"},"share_on_mastodon":{"url":"https:\/\/pubeurope.com\/@pt\/115654538235932595","error":""},"_links":{"self":[{"href":"https:\/\/www.europesays.com\/pt\/wp-json\/wp\/v2\/posts\/173931","targetHints":{"allow":["GET"]}}],"collection":[{"href":"https:\/\/www.europesays.com\/pt\/wp-json\/wp\/v2\/posts"}],"about":[{"href":"https:\/\/www.europesays.com\/pt\/wp-json\/wp\/v2\/types\/post"}],"author":[{"embeddable":true,"href":"https:\/\/www.europesays.com\/pt\/wp-json\/wp\/v2\/users\/2"}],"replies":[{"embeddable":true,"href":"https:\/\/www.europesays.com\/pt\/wp-json\/wp\/v2\/comments?post=173931"}],"version-history":[{"count":0,"href":"https:\/\/www.europesays.com\/pt\/wp-json\/wp\/v2\/posts\/173931\/revisions"}],"wp:featuredmedia":[{"embeddable":true,"href":"https:\/\/www.europesays.com\/pt\/wp-json\/wp\/v2\/media\/173932"}],"wp:attachment":[{"href":"https:\/\/www.europesays.com\/pt\/wp-json\/wp\/v2\/media?parent=173931"}],"wp:term":[{"taxonomy":"category","embeddable":true,"href":"https:\/\/www.europesays.com\/pt\/wp-json\/wp\/v2\/categories?post=173931"},{"taxonomy":"post_tag","embeddable":true,"href":"https:\/\/www.europesays.com\/pt\/wp-json\/wp\/v2\/tags?post=173931"}],"curies":[{"name":"wp","href":"https:\/\/api.w.org\/{rel}","templated":true}]}}