{"id":173943,"date":"2025-12-03T08:12:14","date_gmt":"2025-12-03T08:12:14","guid":{"rendered":"https:\/\/www.europesays.com\/pt\/173943\/"},"modified":"2025-12-03T08:12:14","modified_gmt":"2025-12-03T08:12:14","slug":"terra-forte-armando-faz-proposta-aliciante-novelas","status":"publish","type":"post","link":"https:\/\/www.europesays.com\/pt\/173943\/","title":{"rendered":"Terra\u00a0Forte: Armando faz proposta aliciante &#8211; Novelas"},"content":{"rendered":"<p>Em \u00abTerra\u00a0Forte\u00bb, Rufino (Vitor Norte) fala com \u00c1lvaro (Jos\u00e9 Wallenstein) a dizer-lhe que a feira de produtos a\u00e7orianos est\u00e1 a ser um sucesso. \u00c1lvaro confessa que foi ideia de Gl\u00f3ria (Maria Jo\u00e3o Pinho). Babi (Melissa Matos) passa disparada para a igreja sem ver Armando (Ricardo Carri\u00e7o), que prop\u00f5e a \u00c1lvaro recompens\u00e1-lo bem se ele acabar com aquela feira.<\/p>\n","protected":false},"excerpt":{"rendered":"Em \u00abTerra\u00a0Forte\u00bb, Rufino (Vitor Norte) fala com \u00c1lvaro (Jos\u00e9 Wallenstein) a dizer-lhe que a feira de produtos a\u00e7orianos&hellip;\n","protected":false},"author":2,"featured_media":173944,"comment_status":"","ping_status":"","sticky":false,"template":"","format":"standard","meta":{"footnotes":""},"categories":[142],"tags":[160,166,114,115,157,167,164,2931,161,158,165,159,32,33,156,18614,163,151,162],"class_list":{"0":"post-173943","1":"post","2":"type-post","3":"status-publish","4":"format-standard","5":"has-post-thumbnail","7":"category-tv","8":"tag-ana-guiomar","9":"tag-cristina-ferreira","10":"tag-entertainment","11":"tag-entretenimento","12":"tag-festa-e-festa","13":"tag-ficcao","14":"tag-jose-fidalgo","15":"tag-novela","16":"tag-novelas","17":"tag-para-sempre","18":"tag-pedro-sousa","19":"tag-pedro-teixeira","20":"tag-portugal","21":"tag-pt","22":"tag-queridos-papas","23":"tag-terra-forte","24":"tag-tiago-teotonio-pereira","25":"tag-tv","26":"tag-tvi"},"share_on_mastodon":{"url":"https:\/\/pubeurope.com\/@pt\/115654632627217277","error":""},"_links":{"self":[{"href":"https:\/\/www.europesays.com\/pt\/wp-json\/wp\/v2\/posts\/173943","targetHints":{"allow":["GET"]}}],"collection":[{"href":"https:\/\/www.europesays.com\/pt\/wp-json\/wp\/v2\/posts"}],"about":[{"href":"https:\/\/www.europesays.com\/pt\/wp-json\/wp\/v2\/types\/post"}],"author":[{"embeddable":true,"href":"https:\/\/www.europesays.com\/pt\/wp-json\/wp\/v2\/users\/2"}],"replies":[{"embeddable":true,"href":"https:\/\/www.europesays.com\/pt\/wp-json\/wp\/v2\/comments?post=173943"}],"version-history":[{"count":0,"href":"https:\/\/www.europesays.com\/pt\/wp-json\/wp\/v2\/posts\/173943\/revisions"}],"wp:featuredmedia":[{"embeddable":true,"href":"https:\/\/www.europesays.com\/pt\/wp-json\/wp\/v2\/media\/173944"}],"wp:attachment":[{"href":"https:\/\/www.europesays.com\/pt\/wp-json\/wp\/v2\/media?parent=173943"}],"wp:term":[{"taxonomy":"category","embeddable":true,"href":"https:\/\/www.europesays.com\/pt\/wp-json\/wp\/v2\/categories?post=173943"},{"taxonomy":"post_tag","embeddable":true,"href":"https:\/\/www.europesays.com\/pt\/wp-json\/wp\/v2\/tags?post=173943"}],"curies":[{"name":"wp","href":"https:\/\/api.w.org\/{rel}","templated":true}]}}