{"id":173949,"date":"2025-12-03T08:18:08","date_gmt":"2025-12-03T08:18:08","guid":{"rendered":"https:\/\/www.europesays.com\/pt\/173949\/"},"modified":"2025-12-03T08:18:08","modified_gmt":"2025-12-03T08:18:08","slug":"cientistas-detectaram-sons-de-relampagos-em-marte-entenda","status":"publish","type":"post","link":"https:\/\/www.europesays.com\/pt\/173949\/","title":{"rendered":"Cientistas detectaram sons de rel\u00e2mpagos em Marte; entenda"},"content":{"rendered":"<p class=\"my-5 break-words group-[.isActiveSource]:text-xl\">Marte \u00e9 um dos planetas do Sistema Solar mais explorados pela humanidade. Apesar de ainda n\u00e3o termos pisado em sua superf\u00edcie, diversas sondas j\u00e1 foram enviadas ao planeta para revelar mais sobre sua hist\u00f3ria. Recentemente, <strong class=\"group-[.isActiveSource]:text-xl group-[.isActiveSource]:font-bold\">esses equipamentos conseguiram at\u00e9 detectar sons de rel\u00e2mpagos<\/strong>.<\/p>\n<p class=\"my-5 break-words group-[.isActiveSource]:text-xl\">De acordo com um novo estudo publicado na revista cient\u00edfica Nature, um grupo de pesquisadores acredita ter identificado padr\u00f5es que se assemelham a rel\u00e2mpagos em <a href=\"https:\/\/www.cnnbrasil.com.br\/tecnologia\/por-que-uma-missao-da-nasa-esta-prestes-a-decolar-em-uma-jornada-ate-marte\/\" target=\"_blank\" rel=\"noopener noreferrer nofollow\" class=\"text-red-600 underline hover:text-red-500 font-medium break-words group-[.isActiveSource]:text-xl\">Marte<\/a>. <strong class=\"group-[.isActiveSource]:text-xl group-[.isActiveSource]:font-bold\">Os sons foram captados pelo microfone instalado no rover Perseverance<\/strong>, enviado pela Nasa ao planeta em 2021.<\/p>\n<p>Sons de rel\u00e2mpagos detctados em Marte?<\/p>\n<p class=\"my-5 break-words group-[.isActiveSource]:text-xl\">Ao todo, <strong class=\"group-[.isActiveSource]:text-xl group-[.isActiveSource]:font-bold\">o rover coletou dados de 55 ocorr\u00eancias de poss\u00edveis &#8220;mini rel\u00e2mpagos&#8221; na <a href=\"https:\/\/www.cnnbrasil.com.br\/tecnologia\/sonda-revela-video-inedito-de-vale-formado-por-agua-em-marte-assista\/\" target=\"_blank\" rel=\"noopener noreferrer nofollow\" class=\"text-red-600 underline hover:text-red-500 font-medium break-words group-[.isActiveSource]:text-xl\">superf\u00edcie de Marte<\/a><\/strong>, principalmente durante dias com tempestades de vento. Os registros indicam que algumas dessas emiss\u00f5es ocorreram a apenas dois metros de dist\u00e2ncia do microfone instalado na sonda.<\/p>\n<p class=\"my-5 break-words group-[.isActiveSource]:text-xl\">O estudo analisou <strong class=\"group-[.isActiveSource]:text-xl group-[.isActiveSource]:font-bold\">28 horas de grava\u00e7\u00f5es do rover<\/strong>. Alguns dos supostos rel\u00e2mpagos duraram apenas alguns segundos, enquanto <strong class=\"group-[.isActiveSource]:text-xl group-[.isActiveSource]:font-bold\">outros chegaram a se prolongar por at\u00e9 30 minutos.<\/strong><\/p>\n<p class=\"my-5 break-words group-[.isActiveSource]:text-xl\">Os rel\u00e2mpagos em Marte ocorrem de forma semelhante \u00e0s tempestades na Terra, mas s\u00e3o quase invis\u00edveis a olho nu e produzem sons muito mais fracos.<\/p>\n<p class=\"my-5 break-words group-[.isActiveSource]:text-xl\">O que acontece \u00e9 que como a atmosfera marciana \u00e9 extremamente fina e rica em di\u00f3xido de carbono, <strong class=\"group-[.isActiveSource]:text-xl group-[.isActiveSource]:font-bold\">o som dessas descargas acaba sendo absorvido<\/strong> pelo ambiente.<\/p>\n<p class=\"my-5 break-words group-[.isActiveSource]:text-xl\">Os sinais mais fracos foram <a href=\"https:\/\/www.cnnbrasil.com.br\/tecnologia\/redemoinhos-de-poeira-revelam-ventos-furiosos-em-marte\/\" target=\"_blank\" rel=\"noopener noreferrer nofollow\" class=\"text-red-600 underline hover:text-red-500 font-medium break-words group-[.isActiveSource]:text-xl\"><strong class=\"group-[.isActiveSource]:text-xl group-[.isActiveSource]:font-bold\">gerados por redemoinhos de poeira<\/strong><\/a>, enquanto os mais intensos ocorreram em meio a tempestades. De qualquer forma, vale destacar que os cientistas ainda n\u00e3o podem afirmar com total certeza que os sons tenham sido causados por rel\u00e2mpagos em Marte.<\/p>\n<p class=\"my-5 break-words group-[.isActiveSource]:text-xl\">Mesmo assim, a poss\u00edvel descoberta \u00e9 vista como relevante, j\u00e1 que<strong class=\"group-[.isActiveSource]:text-xl group-[.isActiveSource]:font-bold\"> pesquisadores procuram sinais de atividade el\u00e9trica no planeta h\u00e1 mais de 50 anos<\/strong>.<\/p>\n<p>Mais dados para confirmar a descoberta<\/p>\n<p class=\"my-5 break-words group-[.isActiveSource]:text-xl\">Os autores do estudo afirmam que as evid\u00eancias s\u00e3o consistentes, mas ressaltam que elas se baseiam nos registros de apenas um equipamento: o <a href=\"https:\/\/www.cnnbrasil.com.br\/tecnologia\/rover-perseverance-registra-imagem-mais-nitida-de-marte-com-ceu-limpo-veja\/\" target=\"_blank\" rel=\"noopener noreferrer nofollow\" class=\"text-red-600 underline hover:text-red-500 font-medium break-words group-[.isActiveSource]:text-xl\"><strong class=\"group-[.isActiveSource]:text-xl group-[.isActiveSource]:font-bold\">rover Perseverance<\/strong><\/a>.<\/p>\n<p class=\"my-5 break-words group-[.isActiveSource]:text-xl\">Como ainda n\u00e3o houve confirma\u00e7\u00e3o por outros instrumentos, <strong class=\"group-[.isActiveSource]:text-xl group-[.isActiveSource]:font-bold\">os pesquisadores alertam que n\u00e3o \u00e9 poss\u00edvel confiar s\u00f3 nos dados de uma \u00fanica observa\u00e7\u00e3o<\/strong>.<\/p>\n<p class=\"my-5 break-words group-[.isActiveSource]:text-xl\">Segundo Daniel Mitchard, associado da Universidade de Cardiff que n\u00e3o participou da pesquisa, tudo indica que os sons sejam de um raio em Marte. Por\u00e9m, ele aponta que sem novos instrumentos registrando esses dados, ainda n\u00e3o \u00e9 poss\u00edvel confirmar a descoberta.<\/p>\n<p class=\"my-5 break-words group-[.isActiveSource]:text-xl\">&#8220;Isso abre um campo de investiga\u00e7\u00e3o completamente novo para a ci\u00eancia marciana. \u00c9 como encontrar uma pe\u00e7a que faltava no quebra-cabe\u00e7a&#8221;, explica o principal autor do estudo e pesquisador do Instituto de Pesquisa em Astrof\u00edsica e Planetologia de Toulouse (Fran\u00e7a), Baptiste Chide, em mensagem oficial.<\/p>\n","protected":false},"excerpt":{"rendered":"Marte \u00e9 um dos planetas do Sistema Solar mais explorados pela humanidade. Apesar de ainda n\u00e3o termos pisado&hellip;\n","protected":false},"author":2,"featured_media":173950,"comment_status":"","ping_status":"","sticky":false,"template":"","format":"standard","meta":{"footnotes":""},"categories":[84],"tags":[109,107,108,32,33,105,103,104,106,110],"class_list":{"0":"post-173949","1":"post","2":"type-post","3":"status-publish","4":"format-standard","5":"has-post-thumbnail","7":"category-ciencia-e-tecnologia","8":"tag-ciencia","9":"tag-ciencia-e-tecnologia","10":"tag-cienciaetecnologia","11":"tag-portugal","12":"tag-pt","13":"tag-science","14":"tag-science-and-technology","15":"tag-scienceandtechnology","16":"tag-technology","17":"tag-tecnologia"},"share_on_mastodon":{"url":"https:\/\/pubeurope.com\/@pt\/115654656237463366","error":""},"_links":{"self":[{"href":"https:\/\/www.europesays.com\/pt\/wp-json\/wp\/v2\/posts\/173949","targetHints":{"allow":["GET"]}}],"collection":[{"href":"https:\/\/www.europesays.com\/pt\/wp-json\/wp\/v2\/posts"}],"about":[{"href":"https:\/\/www.europesays.com\/pt\/wp-json\/wp\/v2\/types\/post"}],"author":[{"embeddable":true,"href":"https:\/\/www.europesays.com\/pt\/wp-json\/wp\/v2\/users\/2"}],"replies":[{"embeddable":true,"href":"https:\/\/www.europesays.com\/pt\/wp-json\/wp\/v2\/comments?post=173949"}],"version-history":[{"count":0,"href":"https:\/\/www.europesays.com\/pt\/wp-json\/wp\/v2\/posts\/173949\/revisions"}],"wp:featuredmedia":[{"embeddable":true,"href":"https:\/\/www.europesays.com\/pt\/wp-json\/wp\/v2\/media\/173950"}],"wp:attachment":[{"href":"https:\/\/www.europesays.com\/pt\/wp-json\/wp\/v2\/media?parent=173949"}],"wp:term":[{"taxonomy":"category","embeddable":true,"href":"https:\/\/www.europesays.com\/pt\/wp-json\/wp\/v2\/categories?post=173949"},{"taxonomy":"post_tag","embeddable":true,"href":"https:\/\/www.europesays.com\/pt\/wp-json\/wp\/v2\/tags?post=173949"}],"curies":[{"name":"wp","href":"https:\/\/api.w.org\/{rel}","templated":true}]}}