{"id":17395,"date":"2025-08-05T18:06:15","date_gmt":"2025-08-05T18:06:15","guid":{"rendered":"https:\/\/www.europesays.com\/pt\/17395\/"},"modified":"2025-08-05T18:06:15","modified_gmt":"2025-08-05T18:06:15","slug":"dramaturga-claudia-jordao-lanca-livro-de-contos-em-san-abc-do-abc","status":"publish","type":"post","link":"https:\/\/www.europesays.com\/pt\/17395\/","title":{"rendered":"Dramaturga Claudia Jord\u00e3o lan\u00e7a livro de contos em San&#8230; ABC do ABC"},"content":{"rendered":"<p>A <a href=\"https:\/\/www.instagram.com\/eldsantoandreoficial\/\" target=\"_blank\" rel=\"noopener nofollow\"><strong>Escola Livre de Dan\u00e7a<\/strong> (ELD) de Santo Andr\u00e9<\/a> recebe nesta quarta-feira (6) a dramaturga e escritora Claudia Jord\u00e3o para o lan\u00e7amento do seu livro de contos \u201cElas, meninas\u201d, em que revela hist\u00f3rias e segredos de mais de <strong>50 mulheres.<\/strong><\/p>\n<p>A atividade, gratuita, faz parte da programa\u00e7\u00e3o do \u201c<strong>#Vem pra ELD<\/strong>\u201d, encontro mensal promovido pela Escola Livre de Dan\u00e7a para aproximar a comunidade da escola a temas contempor\u00e2neos relacionados a corpo, movimento, arte e cultura. O <strong>evento <\/strong>acontece \u00e0s 19h, no <strong>Centro de Dan\u00e7a <\/strong>(Rua Dr. Eduardo Monteiro, 410 \u2013 Jardim Bela Vista).<\/p>\n<p>Para escrever \u201cElas, meninas\u201d, Claudia trabalhou literariamente a hist\u00f3ria de mais de 50 mulheres, transformando suas <strong>experi\u00eancias<\/strong> em contos que nascem de <strong>fragmentos <\/strong>de cotidiano e segredos que ningu\u00e9m ousa contar,\u00a0 e atravessam os espa\u00e7os onde a viol\u00eancia se esconde, se repete e se disfar\u00e7a de afeto.<\/p>\n<p>Nessa <strong>obra<\/strong>, as palavras t\u00eam peso pois carregam marcas de uma <strong>inf\u00e2ncia <\/strong>sufocada pela solid\u00e3o e por la\u00e7os familiares corro\u00eddos pelo abandono e pela culpa. As <strong>narrativas <\/strong>se desenrolam com ritmo preciso e cortante, expondo as tens\u00f5es invis\u00edveis que moldam <strong>vidas<\/strong>. Cada hist\u00f3ria \u00e9 um choque entre a inoc\u00eancia e a dureza do mundo, um embate entre a <strong>inf\u00e2ncia <\/strong>e a <strong>heran\u00e7a de dor<\/strong> que se arrasta por gera\u00e7\u00f5es.<\/p>\n<p>No livro tamb\u00e9m h\u00e1 uma busca incessante por <strong>humanidade<\/strong>, por frestas de amor em meio ao caos, por uma linguagem que nomeie o que nunca foi dito. E, acima de tudo, por vozes que finalmente se fazem ouvir.<\/p>\n<p>Claudia Jord\u00e3o \u00e9 <strong>escritora<\/strong>, <strong>dramaturga<\/strong>, <strong>diretora teatral <\/strong>e <strong>produtora cultural<\/strong>. Graduada em Letras pela Faculdade Anchieta, p\u00f3s-graduada em artes c\u00eanicas, pela <strong>FAINC <\/strong>e p\u00f3s-graduada em Letras, pela PUC-RIO. Tem forma\u00e7\u00e3o em dramaturgia e dire\u00e7\u00e3o pela Escola Livre de Teatro.<\/p>\n<p>Autora das obras \u201cMulheres que me habitam\u201c, \u201cEu Tu Elas\u201d e \u201cElas, meninas\u201d, publicadas pela Alpharrabio Edi\u00e7\u00f5es. \u00c9 dramaturga, diretora e produtora cultural da <strong>Cia do Flores de Teatro<\/strong>, para a qual escreveu e dirigiu a premiada <strong>Trilogia Flores,<\/strong> composta pelos espet\u00e1culos \u201cFlores Amarelas\u201c, \u201cFlores Vermelhas\u201d e \u201cFlores Brancas\u201c.<\/p>\n<p>Servi\u00e7o<\/p>\n<p><strong>#Vem pra ELD \u2013 lan\u00e7amento do livro \u201cElas, meninas\u201d, de Claudia Jord\u00e3o<\/strong><\/p>\n<p>Data: 6\/8 (quarta-feira)<\/p>\n<p>Hor\u00e1rio: 19h<\/p>\n<p>Local: Escola Livre de Dan\u00e7a | Cento de Dan\u00e7a<\/p>\n<p>Endere\u00e7o: Rua Dr. Eduardo Monteiro, 410 \u2013 Jardim Bela Vista \u2013 Santo Andr\u00e9<\/p>\n<p> <\/p>\n<ul class=\"m-0 p-0\">\n<li class=\"mr-4 is-size-7\">Data: 05\/08\/2025 02:08<\/li>\n<li class=\"mr-4 is-size-7\">\n\t\t\t\t\t\t\t\t\t\tAlterado:05\/08\/2025 14:08\n\t\t\t\t\t\t\t\t\t<\/li>\n<li class=\"mr-4 is-size-7\"> Autor: Reda\u00e7\u00e3o <\/li>\n<li class=\"mr-4 is-size-7\">Fonte: PMSA<\/li>\n<\/ul>\n<p>\t\t\t\t\t\t\t<img width=\"32\" height=\"32\" src=\"https:\/\/www.europesays.com\/pt\/wp-content\/uploads\/2025\/07\/good-feedback.png\" loading=\"lazy\" data-count-lazy=\"7\" fetchpriority=\"high\" decoding=\"async\" alt=\"RECOMENDADOS\"\/><\/p>\n<p>                             Tempo em Santo Andr\u00e9   para amanh\u00e3 <br \/>06\/08<\/p>\n<p id=\"3667_descricao_tempo\">\n                                                                         Sol com muitas nuvens durante o dia e per\u00edodos de c\u00e9u nublado. Noite com muitas nuvens.                                <\/p>\n<p class=\"mb-4 has-text-centered\"> Madrugada <\/p>\n<p>                                        <img width=\"70\" height=\"67\" src=\"https:\/\/www.europesays.com\/pt\/wp-content\/uploads\/2025\/07\/2rn.png\" loading=\"lazy\" data-count-lazy=\"8\" fetchpriority=\"high\" decoding=\"async\" id=\"3667_icone_madrugada\" alt=\"Noite com muitas nuvens. \" title=\"Noite com muitas nuvens. \"\/><\/p>\n<p class=\"mb-4 has-text-centered\"> Manh\u00e3 <\/p>\n<p>                                        <img width=\"70\" height=\"67\" src=\"https:\/\/www.europesays.com\/pt\/wp-content\/uploads\/2025\/07\/2r.png\" loading=\"lazy\" data-count-lazy=\"9\" fetchpriority=\"high\" decoding=\"async\" id=\"3667_icone_manha\" alt=\"Sol com muitas nuvens. \" title=\"Sol com muitas nuvens. \"\/><\/p>\n<p class=\"mb-4 has-text-centered\"> Tarde <\/p>\n<p>                                        <img width=\"70\" height=\"67\" src=\"https:\/\/www.europesays.com\/pt\/wp-content\/uploads\/2025\/07\/2r.png\" loading=\"lazy\" data-count-lazy=\"10\" fetchpriority=\"high\" decoding=\"async\" id=\"3667_icone_tarde\" alt=\"Sol com muitas nuvens. \" title=\"Sol com muitas nuvens. \"\/><\/p>\n<p class=\"mb-4 has-text-centered\"> Noite <\/p>\n<p>                                        <img width=\"70\" height=\"67\" src=\"https:\/\/www.europesays.com\/pt\/wp-content\/uploads\/2025\/07\/2rn.png\" loading=\"lazy\" data-count-lazy=\"11\" fetchpriority=\"high\" decoding=\"async\" id=\"3667_icone_noite\" alt=\"Noite com muitas nuvens. \" title=\"Noite com muitas nuvens. \"\/><\/p>\n<p>                                             <img width=\"64\" height=\"64\" src=\"https:\/\/www.europesays.com\/pt\/wp-content\/uploads\/2025\/07\/temperatura.png\" loading=\"lazy\" data-count-lazy=\"13\" fetchpriority=\"high\" decoding=\"async\" alt=\"\"\/><\/p>\n<p>                                         Temperatura em <br \/>Santo Andr\u00e9 <\/p>\n<p>                                             <img width=\"64\" height=\"64\" src=\"https:\/\/www.europesays.com\/pt\/wp-content\/uploads\/2025\/07\/chuva.png\" loading=\"lazy\" data-count-lazy=\"15\" fetchpriority=\"high\" decoding=\"async\" alt=\"\"\/><\/p>\n<p>                                         Chuva em <br \/>Santo Andr\u00e9 <\/p>\n<p id=\"3667_rain_prob\">Probabilidade:  0%<\/p>\n<p id=\"3667_rain_qtd\">Quantidade: 0mm<\/p>\n<p>                                            <img width=\"64\" height=\"64\" src=\"https:\/\/www.europesays.com\/pt\/wp-content\/uploads\/2025\/07\/vento.png\" loading=\"lazy\" data-count-lazy=\"17\" fetchpriority=\"high\" decoding=\"async\" alt=\"\"\/><\/p>\n<p>                                         Ventos em <br \/>Santo Andr\u00e9 <\/p>\n<p><script async src=\"\/\/www.instagram.com\/embed.js\"><\/script><\/p>\n","protected":false},"excerpt":{"rendered":"A Escola Livre de Dan\u00e7a (ELD) de Santo Andr\u00e9 recebe nesta quarta-feira (6) a dramaturga e escritora Claudia&hellip;\n","protected":false},"author":2,"featured_media":719,"comment_status":"","ping_status":"","sticky":false,"template":"","format":"standard","meta":{"footnotes":""},"categories":[143],"tags":[169,114,115,170,32,33],"class_list":{"0":"post-17395","1":"post","2":"type-post","3":"status-publish","4":"format-standard","5":"has-post-thumbnail","7":"category-livros","8":"tag-books","9":"tag-entertainment","10":"tag-entretenimento","11":"tag-livros","12":"tag-portugal","13":"tag-pt"},"share_on_mastodon":{"url":"","error":""},"_links":{"self":[{"href":"https:\/\/www.europesays.com\/pt\/wp-json\/wp\/v2\/posts\/17395","targetHints":{"allow":["GET"]}}],"collection":[{"href":"https:\/\/www.europesays.com\/pt\/wp-json\/wp\/v2\/posts"}],"about":[{"href":"https:\/\/www.europesays.com\/pt\/wp-json\/wp\/v2\/types\/post"}],"author":[{"embeddable":true,"href":"https:\/\/www.europesays.com\/pt\/wp-json\/wp\/v2\/users\/2"}],"replies":[{"embeddable":true,"href":"https:\/\/www.europesays.com\/pt\/wp-json\/wp\/v2\/comments?post=17395"}],"version-history":[{"count":0,"href":"https:\/\/www.europesays.com\/pt\/wp-json\/wp\/v2\/posts\/17395\/revisions"}],"wp:featuredmedia":[{"embeddable":true,"href":"https:\/\/www.europesays.com\/pt\/wp-json\/wp\/v2\/media\/719"}],"wp:attachment":[{"href":"https:\/\/www.europesays.com\/pt\/wp-json\/wp\/v2\/media?parent=17395"}],"wp:term":[{"taxonomy":"category","embeddable":true,"href":"https:\/\/www.europesays.com\/pt\/wp-json\/wp\/v2\/categories?post=17395"},{"taxonomy":"post_tag","embeddable":true,"href":"https:\/\/www.europesays.com\/pt\/wp-json\/wp\/v2\/tags?post=17395"}],"curies":[{"name":"wp","href":"https:\/\/api.w.org\/{rel}","templated":true}]}}