{"id":173955,"date":"2025-12-03T08:26:12","date_gmt":"2025-12-03T08:26:12","guid":{"rendered":"https:\/\/www.europesays.com\/pt\/173955\/"},"modified":"2025-12-03T08:26:12","modified_gmt":"2025-12-03T08:26:12","slug":"nos-bastidores-de-secret-story-irma-de-fabio-condena-bastante-cego-por-amor","status":"publish","type":"post","link":"https:\/\/www.europesays.com\/pt\/173955\/","title":{"rendered":"Nos bastidores de &#8220;Secret Story&#8221;, irm\u00e3 de F\u00e1bio condena: &#8220;Bastante cego por amor&#8221;"},"content":{"rendered":"<p>A irm\u00e3 de F\u00e1bio Pereira, Vanessa Pereira, voltou a falar com a <a href=\"https:\/\/tvi.iol.pt\/\" target=\"_blank\" rel=\"nofollow noopener\">TVI<\/a> sobre o namoro que o concorrente da nona edi\u00e7\u00e3o de &#8220;Secret Story &#8211; Casa dos Segredos&#8221; mant\u00e9m com Liliana Oliveira.<\/p>\n<p>\u00c0 margem da mais recente gala do reality show, a familiar de <a href=\"https:\/\/selfie.iol.pt\/famosos\/casa-dos-segredos-9\/fabio-faz-pedido-de-namoro-a-liliana-veja-o-romantico-momento-em-secret-story\/20251121\/6920c71ad34e2bd5c6d446ce\" target=\"_blank\" rel=\"nofollow noopener\">F\u00e1bio Pereira<\/a> come\u00e7ou por comentar a teoria apresentada pela cunhada, que defende n\u00e3o considerar positivo os dois elementos do casal irem \u00e0 final do programa. &#8220;N\u00e3o [entendo], de todo. Acho que seria bom para ambos apoiarem-se mutuamente at\u00e9 l\u00e1. Conseguirem chegar os dois l\u00e1 seria bom para eles&#8221;, defendeu, alertando o irm\u00e3o &#8220;tem os apoiantes dele&#8221;, Liliana Oliveira &#8220;tem os dela e, depois, claro, tamb\u00e9m existem os apoiantes do casal&#8221;. &#8220;Mas n\u00e3o seria isso que faria a diferen\u00e7a&#8221;, afian\u00e7ou.<\/p>\n<p><a href=\"https:\/\/selfie.iol.pt\/famosos\/secret-story\/vanessa-pereira-irma-de-fabio-de-secret-story-sofre-despiste-de-carro-a-vida-e-um-sopro\/20251125\/6925b650d34e2bd5c6d4645a\" target=\"_blank\" rel=\"nofollow noopener\">Vanessa Pereira<\/a> discordou tamb\u00e9m do irm\u00e3o, em rela\u00e7\u00e3o ao momento em que este disse que a namorada era mais merecedora de chegar \u00e0 final de &#8220;Secret Story &#8211; Casa dos Segredos&#8221;: &#8220;A\u00ed, j\u00e1 n\u00e3o concordo. Acho que cada jogador individual joga \u00e0 sua maneira. Acho que ele se mant\u00e9m, j\u00e1 desde o in\u00edcio do programa, bastante cego por amor, bastante cego pela rela\u00e7\u00e3o&#8230; N\u00e3o pode esquecer-se de onde est\u00e1 e que, realmente, o foco ali dentro \u00e9 o jogo, \u00e9 o pr\u00e9mio&#8230;&#8221;<\/p>\n<p>&#8220;C\u00e1 fora, eles ter\u00e3o todo o tempo do mundo para viverem aquele amor, para viverem aquela paix\u00e3o, para verem se, realmente, vai ser uma hist\u00f3ria longa e bonita, como eles idealizam. Mas, neste momento, durante mais estas quatro ou cinco semanas que faltam, o foco seria aquele [o jogo] e acho que ele, realmente, devia preocupar-se mais com isso&#8221;, referiu ainda a familiar de F\u00e1bio Pereira.<\/p>\n<p>Veja, agora, o v\u00eddeo com as declara\u00e7\u00f5es feitas nos bastidores da 12.\u00aa gala de &#8220;<a href=\"https:\/\/tvi.iol.pt\/secretstory\/\" target=\"_blank\" rel=\"nofollow noopener\">Secret Story<\/a> &#8211; Casa dos Segredos&#8221;.<\/p>\n","protected":false},"excerpt":{"rendered":"A irm\u00e3 de F\u00e1bio Pereira, Vanessa Pereira, voltou a falar com a TVI sobre o namoro que o&hellip;\n","protected":false},"author":2,"featured_media":173956,"comment_status":"","ping_status":"","sticky":false,"template":"","format":"standard","meta":{"footnotes":""},"categories":[142],"tags":[2632,13471,114,115,20987,19082,24884,980,12195,19016,24883,619,32,33,1014,1315,6985,16687,16686,1012,6986,16688,151,162,29276,34044],"class_list":{"0":"post-173955","1":"post","2":"type-post","3":"status-publish","4":"format-standard","5":"has-post-thumbnail","7":"category-tv","8":"tag-casa-dos-segredos","9":"tag-casa-dos-segredos-9","10":"tag-entertainment","11":"tag-entretenimento","12":"tag-extra","13":"tag-fabio","14":"tag-fabio-pereira","15":"tag-famosos","16":"tag-irma","17":"tag-liliana","18":"tag-liliana-oliveira","19":"tag-nacional","20":"tag-portugal","21":"tag-pt","22":"tag-reality-show","23":"tag-secret-story","24":"tag-secret-story-casa-dos-segredos","25":"tag-secret-story-casa-dos-segredos-9","26":"tag-secret-story-9","27":"tag-selfie","28":"tag-ss","29":"tag-ss9","30":"tag-tv","31":"tag-tvi","32":"tag-vanessa","33":"tag-vanessa-pereira"},"share_on_mastodon":{"url":"https:\/\/pubeurope.com\/@pt\/115654687697088033","error":""},"_links":{"self":[{"href":"https:\/\/www.europesays.com\/pt\/wp-json\/wp\/v2\/posts\/173955","targetHints":{"allow":["GET"]}}],"collection":[{"href":"https:\/\/www.europesays.com\/pt\/wp-json\/wp\/v2\/posts"}],"about":[{"href":"https:\/\/www.europesays.com\/pt\/wp-json\/wp\/v2\/types\/post"}],"author":[{"embeddable":true,"href":"https:\/\/www.europesays.com\/pt\/wp-json\/wp\/v2\/users\/2"}],"replies":[{"embeddable":true,"href":"https:\/\/www.europesays.com\/pt\/wp-json\/wp\/v2\/comments?post=173955"}],"version-history":[{"count":0,"href":"https:\/\/www.europesays.com\/pt\/wp-json\/wp\/v2\/posts\/173955\/revisions"}],"wp:featuredmedia":[{"embeddable":true,"href":"https:\/\/www.europesays.com\/pt\/wp-json\/wp\/v2\/media\/173956"}],"wp:attachment":[{"href":"https:\/\/www.europesays.com\/pt\/wp-json\/wp\/v2\/media?parent=173955"}],"wp:term":[{"taxonomy":"category","embeddable":true,"href":"https:\/\/www.europesays.com\/pt\/wp-json\/wp\/v2\/categories?post=173955"},{"taxonomy":"post_tag","embeddable":true,"href":"https:\/\/www.europesays.com\/pt\/wp-json\/wp\/v2\/tags?post=173955"}],"curies":[{"name":"wp","href":"https:\/\/api.w.org\/{rel}","templated":true}]}}