{"id":173961,"date":"2025-12-03T08:39:48","date_gmt":"2025-12-03T08:39:48","guid":{"rendered":"https:\/\/www.europesays.com\/pt\/173961\/"},"modified":"2025-12-03T08:39:48","modified_gmt":"2025-12-03T08:39:48","slug":"montenegro-alerta-para-necessidade-urgente-de-mudancas-na-economia","status":"publish","type":"post","link":"https:\/\/www.europesays.com\/pt\/173961\/","title":{"rendered":"Montenegro alerta para necessidade urgente de mudan\u00e7as na economia"},"content":{"rendered":"<p>O primeiro-ministro alertou esta ter\u00e7a-feira, 2 de dezembro, que o pa\u00eds n\u00e3o ir\u00e1 sair do &#8220;rame-rame&#8221; se n\u00e3o avan\u00e7ar agora com as altera\u00e7\u00f5es \u00e0 legisla\u00e7\u00e3o laboral, aproveitando a &#8220;boa condi\u00e7\u00e3o&#8221; est\u00e1 a viver.<\/p>\n<p><strong>\u201cTemos de aproveitar agora que estamos numa boa condi\u00e7\u00e3o. N\u00e3o \u00e9 quando estivermos numa situa\u00e7\u00e3o de crise que n\u00f3s vamos mexer nas estruturas da nossa economia para depois a tornar mais produtiva e rent\u00e1vel\u201d,<\/strong> disse Lu\u00eds Montenegro, perante uma plateia de empres\u00e1rios na abertura do Millennium Portugal Exportador, que est\u00e1 a decorrer no Europarque, em Santa Maria da Feira, considerando que\u00a0Portugal tem diante de si &#8220;um conjunto de oportunidades significativas&#8221;.<\/p>\n<p><strong>Montenegro disse que o Governo est\u00e1 a atuar num &#8220;tri\u00e2ngulo de interven\u00e7\u00e3o&#8221;, que junta a fiscalidade, o combate \u00e0 burocracia e a flexibilidade da legisla\u00e7\u00e3o laboral<\/strong>, que dever\u00e1 produzir \u201cum efeito ainda mais virtuoso na economia, na vida das empresas, na vida do sistema financeiro\u201d.<\/p>\n<p><strong>\u201cSe n\u00e3o o fizermos, n\u00e3o vamos sair do rame-rame. E n\u00f3s n\u00e3o queremos um Portugal do rame-rame. N\u00f3s queremos um Portugal pujante.<\/strong> N\u00f3s queremos um Portugal com um ciclo que seja de pujan\u00e7a econ\u00f3mica, que seja de pujan\u00e7a duradoura, que seja de facto um ciclo que fixe as pessoas e que torne as empresas competitivas para poderem ganhar e fidelizar os seus mercados\u201d, concluiu.<\/p>\n<p><strong>O primeiro-ministro disse ainda que quer \u201cmenos impostos, mais simplifica\u00e7\u00e3o, menos complexidade\u201d e uma legisla\u00e7\u00e3o laboral mais flex\u00edvel para \u201cpotenciar ao n\u00edvel m\u00e1ximo a capacidade da empresa\u201d,<\/strong> defendendo que \u00e9 preciso uma contribui\u00e7\u00e3o da parte dos trabalhadores\u00a0para que a sua rela\u00e7\u00e3o mais flex\u00edvel com a entidade empregadora seja um est\u00edmulo para que &#8220;a capacidade produtiva e a capacidade de rentabilidade sejam tamb\u00e9m maiores, e os sal\u00e1rios possam crescer&#8221;.<\/p>\n<p><strong>&#8220;N\u00f3s n\u00e3o queremos projetos bloqueados no crescimento, n\u00f3s n\u00e3o queremos sal\u00e1rios baixos, n\u00f3s n\u00e3o queremos que toda a gente esteja no limiar do sal\u00e1rio m\u00ednimo.<\/strong> Pelo contr\u00e1rio, n\u00f3s queremos que as pessoas possam ambicionar ganhar mais, possam crescer, e para isso temos de ter uma economia que duplique aquilo que est\u00e1 a crescer neste momento, que passe dos 2% para os 3% e depois dos 3% para os 3,5% e dos 3,5% para os 4%&#8221;, afirmou.<\/p>\n","protected":false},"excerpt":{"rendered":"O primeiro-ministro alertou esta ter\u00e7a-feira, 2 de dezembro, que o pa\u00eds n\u00e3o ir\u00e1 sair do &#8220;rame-rame&#8221; se n\u00e3o&hellip;\n","protected":false},"author":2,"featured_media":173962,"comment_status":"","ping_status":"","sticky":false,"template":"","format":"standard","meta":{"footnotes":""},"categories":[83],"tags":[88,89,90,848,1447,32170,32,33],"class_list":{"0":"post-173961","1":"post","2":"type-post","3":"status-publish","4":"format-standard","5":"has-post-thumbnail","7":"category-empresas","8":"tag-business","9":"tag-economy","10":"tag-empresas","11":"tag-legislacao-laboral","12":"tag-luis-montenegro","13":"tag-pacote-laboral","14":"tag-portugal","15":"tag-pt"},"share_on_mastodon":{"url":"https:\/\/pubeurope.com\/@pt\/115654742733041496","error":""},"_links":{"self":[{"href":"https:\/\/www.europesays.com\/pt\/wp-json\/wp\/v2\/posts\/173961","targetHints":{"allow":["GET"]}}],"collection":[{"href":"https:\/\/www.europesays.com\/pt\/wp-json\/wp\/v2\/posts"}],"about":[{"href":"https:\/\/www.europesays.com\/pt\/wp-json\/wp\/v2\/types\/post"}],"author":[{"embeddable":true,"href":"https:\/\/www.europesays.com\/pt\/wp-json\/wp\/v2\/users\/2"}],"replies":[{"embeddable":true,"href":"https:\/\/www.europesays.com\/pt\/wp-json\/wp\/v2\/comments?post=173961"}],"version-history":[{"count":0,"href":"https:\/\/www.europesays.com\/pt\/wp-json\/wp\/v2\/posts\/173961\/revisions"}],"wp:featuredmedia":[{"embeddable":true,"href":"https:\/\/www.europesays.com\/pt\/wp-json\/wp\/v2\/media\/173962"}],"wp:attachment":[{"href":"https:\/\/www.europesays.com\/pt\/wp-json\/wp\/v2\/media?parent=173961"}],"wp:term":[{"taxonomy":"category","embeddable":true,"href":"https:\/\/www.europesays.com\/pt\/wp-json\/wp\/v2\/categories?post=173961"},{"taxonomy":"post_tag","embeddable":true,"href":"https:\/\/www.europesays.com\/pt\/wp-json\/wp\/v2\/tags?post=173961"}],"curies":[{"name":"wp","href":"https:\/\/api.w.org\/{rel}","templated":true}]}}