{"id":173978,"date":"2025-12-03T09:12:09","date_gmt":"2025-12-03T09:12:09","guid":{"rendered":"https:\/\/www.europesays.com\/pt\/173978\/"},"modified":"2025-12-03T09:12:09","modified_gmt":"2025-12-03T09:12:09","slug":"uniao-europeia-acorda-interdicao-da-importacao-de-gas-russo-ate-outono-de-2027","status":"publish","type":"post","link":"https:\/\/www.europesays.com\/pt\/173978\/","title":{"rendered":"Uni\u00e3o Europeia acorda interdi\u00e7\u00e3o da importa\u00e7\u00e3o de g\u00e1s russo at\u00e9 outono de 2027"},"content":{"rendered":"<p>        Trata-se de um compromisso alcan\u00e7ado esta madrugada entre o Parlamento Europeu, que desejava uma proibi\u00e7\u00e3o mais r\u00e1pida, e os Estados-Membros, que queriam um pouco mais de tempo.    <\/p>\n<p>Um acordo foi hoje alcan\u00e7ado entre os eurodeputados e os Estados europeus para proibir todas as importa\u00e7\u00f5es de g\u00e1s russo para a Uni\u00e3o Europeia no outono de 2027, avan\u00e7ou a ag\u00eancia France-Presse (AFP).<\/p>\n<p class=\"text-paragraph\">Trata-se de um compromisso alcan\u00e7ado esta madrugada entre o Parlamento Europeu, que desejava uma proibi\u00e7\u00e3o mais r\u00e1pida, e os Estados-Membros, que queriam um pouco mais de tempo.<\/p>\n<p class=\"text-paragraph\">No caso dos gasodutos, a proibi\u00e7\u00e3o dos contratos de longo prazo, os mais sens\u00edveis porque, por vezes, t\u00eam uma dura\u00e7\u00e3o de v\u00e1rias d\u00e9cadas, entrar\u00e1 em vigor a 30 de setembro de 2027, desde que as reservas sejam suficientes, e ser\u00e1 aplic\u00e1vel o mais tardar a 01 de novembro de 2027.<\/p>\n<p class=\"text-paragraph\">Para o g\u00e1s natural liquefeito (GNL), a proibi\u00e7\u00e3o dos contratos de longo prazo ser\u00e1 aplicada a partir de 01 de janeiro de 2027, segundo anunciou a presidente da Comiss\u00e3o Europeia, Ursula von der Leyen, para sancionar a R\u00fassia.<\/p>\n<p class=\"text-paragraph\">Para os contratos de curto prazo, a proibi\u00e7\u00e3o ser\u00e1 aplic\u00e1vel a partir de 25 de abril de 2026 para o g\u00e1s natural liquefeito e a partir de 17 de junho de 2026 para o g\u00e1s transportado por gasoduto.<\/p>\n<p class=\"text-paragraph\">Este calend\u00e1rio ter\u00e1 de ser aprovado uma \u00faltima vez pelos Estados-Membros e pelo Parlamento, mas este acordo abre caminho a uma vota\u00e7\u00e3o que n\u00e3o antecipa surpresas.<\/p>\n<p class=\"text-paragraph\">As empresas europeias poder\u00e3o invocar um caso de \u201cfor\u00e7a maior\u201d para justificar legalmente quebras contratuais, mencionando a proibi\u00e7\u00e3o de importa\u00e7\u00e3o decidida pela UE.<\/p>\n<p class=\"text-paragraph\">O executivo europeu optou por uma proposta legislativa em vez de san\u00e7\u00f5es, uma vez que pode ser adotada por maioria qualificada dos Estados-Membros.<\/p>\n<p class=\"text-paragraph\">O objetivo \u00e9 evitar um veto da Hungria e da Eslov\u00e1quia, consideradas pr\u00f3ximas de Moscovo e firmemente opostas a essas medidas.<\/p>\n<p class=\"text-paragraph\">Quase quatro anos ap\u00f3s a invas\u00e3o da Ucr\u00e2nia, a Uni\u00e3o Europeia pretende privar a R\u00fassia da fonte de receitas financeiras provenientes do g\u00e1s.<\/p>\n<p class=\"text-paragraph\">A quota do g\u00e1s russo nas importa\u00e7\u00f5es de g\u00e1s da Uni\u00e3o Europeia passou de 45% em 2021 para 19% em 2024.<\/p>\n<p class=\"text-paragraph\">Embora a UE se tenha esfor\u00e7ado por reduzir o abastecimento atrav\u00e9s de gasodutos, este tem sido parcialmente substitu\u00eddo pelo g\u00e1s natural liquefeito (GNL), transportado por navio, descarregado em portos, regaseificado e depois injetado na rede europeia.<\/p>\n<p class=\"text-paragraph\">Atr\u00e1s dos Estados Unidos (45%), a R\u00fassia ocupou uma posi\u00e7\u00e3o central nas importa\u00e7\u00f5es de GNL pela UE em 2024, fornecendo 20 mil milh\u00f5es de metros c\u00fabicos dos cerca de 100 mil milh\u00f5es importados.<\/p>\n","protected":false},"excerpt":{"rendered":"Trata-se de um compromisso alcan\u00e7ado esta madrugada entre o Parlamento Europeu, que desejava uma proibi\u00e7\u00e3o mais r\u00e1pida, e&hellip;\n","protected":false},"author":2,"featured_media":173979,"comment_status":"","ping_status":"","sticky":false,"template":"","format":"standard","meta":{"footnotes":""},"categories":[50],"tags":[27,28,2270,4105,15,16,12055,14,25,26,21,22,62,12,13,19,20,23,24,839,17,18,1977,29,30,31,636,63,64,65],"class_list":{"0":"post-173978","1":"post","2":"type-post","3":"status-publish","4":"format-standard","5":"has-post-thumbnail","7":"category-mundo","8":"tag-breaking-news","9":"tag-breakingnews","10":"tag-energia","11":"tag-eu","12":"tag-featured-news","13":"tag-featurednews","14":"tag-gas","15":"tag-headlines","16":"tag-latest-news","17":"tag-latestnews","18":"tag-main-news","19":"tag-mainnews","20":"tag-mundo","21":"tag-news","22":"tag-noticias","23":"tag-noticias-principais","24":"tag-noticiasprincipais","25":"tag-principais-noticias","26":"tag-principaisnoticias","27":"tag-russia","28":"tag-top-stories","29":"tag-topstories","30":"tag-ue","31":"tag-ultimas","32":"tag-ultimas-noticias","33":"tag-ultimasnoticias","34":"tag-uniao-europeia","35":"tag-world","36":"tag-world-news","37":"tag-worldnews"},"share_on_mastodon":{"url":"https:\/\/pubeurope.com\/@pt\/115654868501206474","error":""},"_links":{"self":[{"href":"https:\/\/www.europesays.com\/pt\/wp-json\/wp\/v2\/posts\/173978","targetHints":{"allow":["GET"]}}],"collection":[{"href":"https:\/\/www.europesays.com\/pt\/wp-json\/wp\/v2\/posts"}],"about":[{"href":"https:\/\/www.europesays.com\/pt\/wp-json\/wp\/v2\/types\/post"}],"author":[{"embeddable":true,"href":"https:\/\/www.europesays.com\/pt\/wp-json\/wp\/v2\/users\/2"}],"replies":[{"embeddable":true,"href":"https:\/\/www.europesays.com\/pt\/wp-json\/wp\/v2\/comments?post=173978"}],"version-history":[{"count":0,"href":"https:\/\/www.europesays.com\/pt\/wp-json\/wp\/v2\/posts\/173978\/revisions"}],"wp:featuredmedia":[{"embeddable":true,"href":"https:\/\/www.europesays.com\/pt\/wp-json\/wp\/v2\/media\/173979"}],"wp:attachment":[{"href":"https:\/\/www.europesays.com\/pt\/wp-json\/wp\/v2\/media?parent=173978"}],"wp:term":[{"taxonomy":"category","embeddable":true,"href":"https:\/\/www.europesays.com\/pt\/wp-json\/wp\/v2\/categories?post=173978"},{"taxonomy":"post_tag","embeddable":true,"href":"https:\/\/www.europesays.com\/pt\/wp-json\/wp\/v2\/tags?post=173978"}],"curies":[{"name":"wp","href":"https:\/\/api.w.org\/{rel}","templated":true}]}}